{"id":68709,"date":"2023-04-20T12:02:28","date_gmt":"2023-04-20T12:02:28","guid":{"rendered":"https:\/\/www.eft.ba\/web\/?p=68709"},"modified":"2023-04-28T13:42:22","modified_gmt":"2023-04-28T13:42:22","slug":"neradni-dani","status":"publish","type":"post","link":"https:\/\/www.eft.ba\/web\/2023\/04\/20\/neradni-dani\/","title":{"rendered":"Obavijest o neradnim danima"},"content":{"rendered":"<p>Obavje\u0161tavamo studente da Edukacijski fakultet ne\u0107e raditi u periodu od 21.04. do 23.04.2023.godine, a zbog nastupaju\u0107eg Ramazanskog bajrama.<\/p>\n<p>Redovne radne aktivnosti fakulteta nastavljaju se od ponedjeljka, 24.04.2023. godine.<\/p>\n","protected":false},"excerpt":{"rendered":"<p>Obavje\u0161tavamo studente da Edukacijski fakultet ne\u0107e raditi u periodu od 21.04. do 23.04.2023.godine, a zbog nastupaju\u0107eg Ramazanskog bajrama. Redovne radne aktivnosti fakulteta nastavljaju se od ponedjeljka, 24.04.2023. godine.<\/p>\n","protected":false},"author":109,"featured_media":0,"comment_status":"closed","ping_status":"closed","sticky":false,"template":"","format":"standard","meta":{"ngg_post_thumbnail":0},"categories":[301,991],"tags":[],"_links":{"self":[{"href":"https:\/\/www.eft.ba\/web\/wp-json\/wp\/v2\/posts\/68709"}],"collection":[{"href":"https:\/\/www.eft.ba\/web\/wp-json\/wp\/v2\/posts"}],"about":[{"href":"https:\/\/www.eft.ba\/web\/wp-json\/wp\/v2\/types\/post"}],"author":[{"embeddable":true,"href":"https:\/\/www.eft.ba\/web\/wp-json\/wp\/v2\/users\/109"}],"replies":[{"embeddable":true,"href":"https:\/\/www.eft.ba\/web\/wp-json\/wp\/v2\/comments?post=68709"}],"version-history":[{"count":2,"href":"https:\/\/www.eft.ba\/web\/wp-json\/wp\/v2\/posts\/68709\/revisions"}],"predecessor-version":[{"id":68720,"href":"https:\/\/www.eft.ba\/web\/wp-json\/wp\/v2\/posts\/68709\/revisions\/68720"}],"wp:attachment":[{"href":"https:\/\/www.eft.ba\/web\/wp-json\/wp\/v2\/media?parent=68709"}],"wp:term":[{"taxonomy":"category","embeddable":true,"href":"https:\/\/www.eft.ba\/web\/wp-json\/wp\/v2\/categories?post=68709"},{"taxonomy":"post_tag","embeddable":true,"href":"https:\/\/www.eft.ba\/web\/wp-json\/wp\/v2\/tags?post=68709"}],"curies":[{"name":"wp","href":"https:\/\/api.w.org\/{rel}","templated":true}]}}