{"id":68690,"date":"2023-03-21T08:27:33","date_gmt":"2023-03-21T08:27:33","guid":{"rendered":"https:\/\/www.eft.ba\/web\/?p=68690"},"modified":"2023-03-21T08:27:33","modified_gmt":"2023-03-21T08:27:33","slug":"sretan-dan-opcine-travnik-2","status":"publish","type":"post","link":"https:\/\/www.eft.ba\/web\/2023\/03\/21\/sretan-dan-opcine-travnik-2\/","title":{"rendered":"Sretan Dan op\u0107ine Travnik"},"content":{"rendered":"<p>Edukacijski fakultet Univerziteta u Travniku, svim sugra\u0111anima op\u0107ine Travnik upu\u0107uje iskrene \u010destitke povodom 21. marta \u2013 Dana op\u0107ine Travnik.\ud83d\udc99<\/p>\n","protected":false},"excerpt":{"rendered":"<p>Edukacijski fakultet Univerziteta u Travniku, svim sugra\u0111anima op\u0107ine Travnik upu\u0107uje iskrene \u010destitke povodom 21. marta \u2013 Dana op\u0107ine Travnik.\ud83d\udc99<\/p>\n","protected":false},"author":118,"featured_media":68691,"comment_status":"closed","ping_status":"closed","sticky":false,"template":"","format":"standard","meta":{"ngg_post_thumbnail":0},"categories":[991],"tags":[],"_links":{"self":[{"href":"https:\/\/www.eft.ba\/web\/wp-json\/wp\/v2\/posts\/68690"}],"collection":[{"href":"https:\/\/www.eft.ba\/web\/wp-json\/wp\/v2\/posts"}],"about":[{"href":"https:\/\/www.eft.ba\/web\/wp-json\/wp\/v2\/types\/post"}],"author":[{"embeddable":true,"href":"https:\/\/www.eft.ba\/web\/wp-json\/wp\/v2\/users\/118"}],"replies":[{"embeddable":true,"href":"https:\/\/www.eft.ba\/web\/wp-json\/wp\/v2\/comments?post=68690"}],"version-history":[{"count":1,"href":"https:\/\/www.eft.ba\/web\/wp-json\/wp\/v2\/posts\/68690\/revisions"}],"predecessor-version":[{"id":68692,"href":"https:\/\/www.eft.ba\/web\/wp-json\/wp\/v2\/posts\/68690\/revisions\/68692"}],"wp:featuredmedia":[{"embeddable":true,"href":"https:\/\/www.eft.ba\/web\/wp-json\/wp\/v2\/media\/68691"}],"wp:attachment":[{"href":"https:\/\/www.eft.ba\/web\/wp-json\/wp\/v2\/media?parent=68690"}],"wp:term":[{"taxonomy":"category","embeddable":true,"href":"https:\/\/www.eft.ba\/web\/wp-json\/wp\/v2\/categories?post=68690"},{"taxonomy":"post_tag","embeddable":true,"href":"https:\/\/www.eft.ba\/web\/wp-json\/wp\/v2\/tags?post=68690"}],"curies":[{"name":"wp","href":"https:\/\/api.w.org\/{rel}","templated":true}]}}