{"id":68659,"date":"2023-02-21T21:36:42","date_gmt":"2023-02-21T21:36:42","guid":{"rendered":"https:\/\/www.eft.ba\/web\/?p=68659"},"modified":"2023-02-21T21:36:42","modified_gmt":"2023-02-21T21:36:42","slug":"najava-panel-diskusije-strategije-suzbijanja-vrsnjackog-nasilja-u-skolama","status":"publish","type":"post","link":"https:\/\/www.eft.ba\/web\/2023\/02\/21\/najava-panel-diskusije-strategije-suzbijanja-vrsnjackog-nasilja-u-skolama\/","title":{"rendered":"Najava panel diskusije &#8211; &#8220;Strategije suzbijanja vr\u0161nja\u010dkog nasilja u \u0161kolama&#8221;"},"content":{"rendered":"<p>Povodom obilje\u017eavanja Me\u0111unarodnog dana prevencije vr\u0161nja\u010dkog nasilja u saradnji sa Mje\u0161ovitom srednjom ekonomsko-ugostiteljskom \u0161kolom Travnik organizujemo panel diskusiju na temu &#8220;Strategije suzbijanja vr\u0161nja\u010dkog nasilja u \u0161kolama&#8221;.<\/p>\n<p>Cilj odr\u017eavanja na\u0161e aktivnosti je podizanje svijesti o prevenciji vr\u0161nja\u010dkog nasilja kod mladih kao sve ve\u0107em problemu koji se javlja u \u0161kolama.<\/p>\n<p>U panel diskusiji u\u010destvovati \u0107e na\u0161i profesori i studenti, te zajedno sa ostalim u\u010desnicima razmjeniti svoja mi\u0161ljenja i iskustva.<\/p>\n<p>Ovom prilikom pozivamo sve zainteresirane da nam se pridru\u017ee i da zajedno ispunimo postavljeni cilj.<\/p>\n<p style=\"text-align: left\">\ud83d\uddd3 23.02.2023.<br \/>\n\ud83d\udd5b 12:00 sati<br \/>\n\ud83d\udccdCentar za kulturu op\u0107ine Travnik<\/p>\n","protected":false},"excerpt":{"rendered":"<p>Povodom obilje\u017eavanja Me\u0111unarodnog dana prevencije vr\u0161nja\u010dkog nasilja u saradnji sa Mje\u0161ovitom srednjom ekonomsko-ugostiteljskom \u0161kolom Travnik organizujemo panel diskusiju na temu &#8220;Strategije suzbijanja vr\u0161nja\u010dkog nasilja u \u0161kolama&#8221;. Cilj odr\u017eavanja na\u0161e aktivnosti je podizanje svijesti o prevenciji vr\u0161nja\u010dkog nasilja kod mladih kao sve ve\u0107em problemu koji se javlja u \u0161kolama. U panel diskusiji u\u010destvovati \u0107e na\u0161i profesori [&hellip;]<\/p>\n","protected":false},"author":118,"featured_media":68660,"comment_status":"closed","ping_status":"closed","sticky":false,"template":"","format":"standard","meta":{"ngg_post_thumbnail":0},"categories":[991],"tags":[],"_links":{"self":[{"href":"https:\/\/www.eft.ba\/web\/wp-json\/wp\/v2\/posts\/68659"}],"collection":[{"href":"https:\/\/www.eft.ba\/web\/wp-json\/wp\/v2\/posts"}],"about":[{"href":"https:\/\/www.eft.ba\/web\/wp-json\/wp\/v2\/types\/post"}],"author":[{"embeddable":true,"href":"https:\/\/www.eft.ba\/web\/wp-json\/wp\/v2\/users\/118"}],"replies":[{"embeddable":true,"href":"https:\/\/www.eft.ba\/web\/wp-json\/wp\/v2\/comments?post=68659"}],"version-history":[{"count":1,"href":"https:\/\/www.eft.ba\/web\/wp-json\/wp\/v2\/posts\/68659\/revisions"}],"predecessor-version":[{"id":68661,"href":"https:\/\/www.eft.ba\/web\/wp-json\/wp\/v2\/posts\/68659\/revisions\/68661"}],"wp:featuredmedia":[{"embeddable":true,"href":"https:\/\/www.eft.ba\/web\/wp-json\/wp\/v2\/media\/68660"}],"wp:attachment":[{"href":"https:\/\/www.eft.ba\/web\/wp-json\/wp\/v2\/media?parent=68659"}],"wp:term":[{"taxonomy":"category","embeddable":true,"href":"https:\/\/www.eft.ba\/web\/wp-json\/wp\/v2\/categories?post=68659"},{"taxonomy":"post_tag","embeddable":true,"href":"https:\/\/www.eft.ba\/web\/wp-json\/wp\/v2\/tags?post=68659"}],"curies":[{"name":"wp","href":"https:\/\/api.w.org\/{rel}","templated":true}]}}