{"id":68455,"date":"2022-06-21T15:07:00","date_gmt":"2022-06-21T15:07:00","guid":{"rendered":"https:\/\/www.eft.ba\/web\/?p=68455"},"modified":"2022-06-21T15:07:00","modified_gmt":"2022-06-21T15:07:00","slug":"studenti-pedagogije-i-psihologije-buducim-brucosima","status":"publish","type":"post","link":"https:\/\/www.eft.ba\/web\/2022\/06\/21\/studenti-pedagogije-i-psihologije-buducim-brucosima\/","title":{"rendered":"Studenti Pedagogije i psihologije budu\u0107im bruco\u0161ima"},"content":{"rendered":"<p>Svoja iskustva vezana za studiranje na Edukacijskom fakultetu na smjeru Pedagogija i psihogija sa nama su podijelili na\u0161i studenti:<\/p>\n<p>&nbsp;<\/p>\n<p>Mersad Bajri\u0107 koji ka\u017ee: &#8220;Biti pedagog i psiholog zna\u010di biti spreman za rad s ljudima, na saradnju i na timski rad. Ukoliko to volite i u\u017eivate da poma\u017eete drugim ljudima onda je ovaj poziv idealan za vas&#8221;.<\/p>\n<p><img class=\"size-medium wp-image-68456 aligncenter\" src=\"https:\/\/www.eft.ba\/web\/wp-content\/uploads\/2022\/06\/279525566_367397972074401_8079290313279680146_n-300x300.jpg\" alt=\"\" width=\"300\" height=\"300\" srcset=\"https:\/\/www.eft.ba\/web\/wp-content\/uploads\/2022\/06\/279525566_367397972074401_8079290313279680146_n-45x45.jpg 45w, https:\/\/www.eft.ba\/web\/wp-content\/uploads\/2022\/06\/279525566_367397972074401_8079290313279680146_n-66x66.jpg 66w, https:\/\/www.eft.ba\/web\/wp-content\/uploads\/2022\/06\/279525566_367397972074401_8079290313279680146_n-150x150.jpg 150w, https:\/\/www.eft.ba\/web\/wp-content\/uploads\/2022\/06\/279525566_367397972074401_8079290313279680146_n-200x200.jpg 200w, https:\/\/www.eft.ba\/web\/wp-content\/uploads\/2022\/06\/279525566_367397972074401_8079290313279680146_n-300x300.jpg 300w, https:\/\/www.eft.ba\/web\/wp-content\/uploads\/2022\/06\/279525566_367397972074401_8079290313279680146_n-400x400.jpg 400w, https:\/\/www.eft.ba\/web\/wp-content\/uploads\/2022\/06\/279525566_367397972074401_8079290313279680146_n-600x600.jpg 600w, https:\/\/www.eft.ba\/web\/wp-content\/uploads\/2022\/06\/279525566_367397972074401_8079290313279680146_n-768x768.jpg 768w, https:\/\/www.eft.ba\/web\/wp-content\/uploads\/2022\/06\/279525566_367397972074401_8079290313279680146_n-800x800.jpg 800w, https:\/\/www.eft.ba\/web\/wp-content\/uploads\/2022\/06\/279525566_367397972074401_8079290313279680146_n-1024x1024.jpg 1024w, https:\/\/www.eft.ba\/web\/wp-content\/uploads\/2022\/06\/279525566_367397972074401_8079290313279680146_n.jpg 1080w\" sizes=\"(max-width: 300px) 100vw, 300px\" \/><\/p>\n<p>&nbsp;<\/p>\n<p>Emina Smriko govorila nam je o svom li\u010dnom iskustvu studiranja na EFT<\/p>\n<p><img class=\"size-medium wp-image-68457 aligncenter\" src=\"https:\/\/www.eft.ba\/web\/wp-content\/uploads\/2022\/06\/279353774_367398748740990_557514887876801383_n-300x300.jpg\" alt=\"\" width=\"300\" height=\"300\" srcset=\"https:\/\/www.eft.ba\/web\/wp-content\/uploads\/2022\/06\/279353774_367398748740990_557514887876801383_n-45x45.jpg 45w, https:\/\/www.eft.ba\/web\/wp-content\/uploads\/2022\/06\/279353774_367398748740990_557514887876801383_n-66x66.jpg 66w, https:\/\/www.eft.ba\/web\/wp-content\/uploads\/2022\/06\/279353774_367398748740990_557514887876801383_n-150x150.jpg 150w, https:\/\/www.eft.ba\/web\/wp-content\/uploads\/2022\/06\/279353774_367398748740990_557514887876801383_n-200x200.jpg 200w, https:\/\/www.eft.ba\/web\/wp-content\/uploads\/2022\/06\/279353774_367398748740990_557514887876801383_n-300x300.jpg 300w, https:\/\/www.eft.ba\/web\/wp-content\/uploads\/2022\/06\/279353774_367398748740990_557514887876801383_n-400x400.jpg 400w, https:\/\/www.eft.ba\/web\/wp-content\/uploads\/2022\/06\/279353774_367398748740990_557514887876801383_n.jpg 526w\" sizes=\"(max-width: 300px) 100vw, 300px\" \/><\/p>\n<p>&nbsp;<\/p>\n<p>voja iskustva vezana za studiranje na Edukacijskom fakultetu na smjeru Pedagogija i psihogija sa nama su podijelile studentice : Elma Kari\u0107, Esma Hod\u017ei\u0107 I Elvira Novali\u0107 \u010dije izjave mo\u017eete poslu\u0161ati na linku:<\/p>\n<p>https:\/\/fb.watch\/dNC0mY6Pi7\/<\/p>\n<p>&nbsp;<\/p>\n","protected":false},"excerpt":{"rendered":"<p>Svoja iskustva vezana za studiranje na Edukacijskom fakultetu na smjeru Pedagogija i psihogija sa nama su podijelili na\u0161i studenti: &nbsp; Mersad Bajri\u0107 koji ka\u017ee: &#8220;Biti pedagog i psiholog zna\u010di biti spreman za rad s ljudima, na saradnju i na timski rad. Ukoliko to volite i u\u017eivate da poma\u017eete drugim ljudima onda je ovaj poziv idealan [&hellip;]<\/p>\n","protected":false},"author":118,"featured_media":68276,"comment_status":"closed","ping_status":"closed","sticky":false,"template":"","format":"standard","meta":{"ngg_post_thumbnail":0},"categories":[997],"tags":[],"_links":{"self":[{"href":"https:\/\/www.eft.ba\/web\/wp-json\/wp\/v2\/posts\/68455"}],"collection":[{"href":"https:\/\/www.eft.ba\/web\/wp-json\/wp\/v2\/posts"}],"about":[{"href":"https:\/\/www.eft.ba\/web\/wp-json\/wp\/v2\/types\/post"}],"author":[{"embeddable":true,"href":"https:\/\/www.eft.ba\/web\/wp-json\/wp\/v2\/users\/118"}],"replies":[{"embeddable":true,"href":"https:\/\/www.eft.ba\/web\/wp-json\/wp\/v2\/comments?post=68455"}],"version-history":[{"count":1,"href":"https:\/\/www.eft.ba\/web\/wp-json\/wp\/v2\/posts\/68455\/revisions"}],"predecessor-version":[{"id":68458,"href":"https:\/\/www.eft.ba\/web\/wp-json\/wp\/v2\/posts\/68455\/revisions\/68458"}],"wp:featuredmedia":[{"embeddable":true,"href":"https:\/\/www.eft.ba\/web\/wp-json\/wp\/v2\/media\/68276"}],"wp:attachment":[{"href":"https:\/\/www.eft.ba\/web\/wp-json\/wp\/v2\/media?parent=68455"}],"wp:term":[{"taxonomy":"category","embeddable":true,"href":"https:\/\/www.eft.ba\/web\/wp-json\/wp\/v2\/categories?post=68455"},{"taxonomy":"post_tag","embeddable":true,"href":"https:\/\/www.eft.ba\/web\/wp-json\/wp\/v2\/tags?post=68455"}],"curies":[{"name":"wp","href":"https:\/\/api.w.org\/{rel}","templated":true}]}}