{"id":67813,"date":"2021-10-19T21:46:26","date_gmt":"2021-10-19T21:46:26","guid":{"rendered":"https:\/\/www.eft.ba\/web\/?p=67813"},"modified":"2021-10-19T21:47:17","modified_gmt":"2021-10-19T21:47:17","slug":"odrzan-okrugli-sto-na-temu-znacaj-mentalnog-zdravlja-u-drustvu-nejednakosti","status":"publish","type":"post","link":"https:\/\/www.eft.ba\/web\/2021\/10\/19\/odrzan-okrugli-sto-na-temu-znacaj-mentalnog-zdravlja-u-drustvu-nejednakosti\/","title":{"rendered":"Odr\u017ean okrugli sto na temu \u201cZna\u010daj mentalnog zdravlja u dru\u0161tvu nejednakosti\u201d"},"content":{"rendered":"<p>Oktobar se u svijetu obilje\u017eava kao mjesec podizanja svijesti o zna\u010daju mentalnog zdravlja \u0161to bio povod za organizaciju ovog okruglog stola.<\/p>\n<p>Mentalno zdravlje ljudi va\u017ena je tema o kojoj se danas premalo govori u dru\u0161tvu punom brojnih problema, istaknuto je na okruglom stolu u organizaciji Edukacijskog fakulteta Univerziteta u Travniku.<\/p>\n<p>O va\u017enosti mentalnog zdravlja ljudi uz moderiranje mr. Irmele Mujki\u0107, govorili su vode\u0107i doma\u0107i stru\u010dnjaci koji se bave mentalnim zdravljem, ujedno i profesori na Edukacijskom fakultetu, doc.dr. Remzija \u0160eti\u0107 i prof.dr. Muradif Hajder.<\/p>\n<p>Profesori su ukazali na nu\u017enost \u0161to ranijeg prepoznavanja te\u0161ko\u0107a s mentalnim zdravljem kod djece i mladih, u \u010demu veliku ulogu imaju roditelji i obitelj te odgajatelji i nastavnici, zbog \u010dega je neophodna edukacija odgojno-obrazovnih pa \u010dak i zdravstvenih stru\u010dnjaka. Naime, \u0161to se ranije potra\u017ei pomo\u0107, u manjoj se mjeri razvijaju \u0161tetne navike i posljedice. Uz ve\u0107 poznate izazove, svijet koji se mijenja djeci i mladima nosi i nove te\u0161ko\u0107e, svojstvene savremenom dobu, kao \u0161to su razli\u010diti novi vidovi ovisnosti i novi oblici nasilja.<\/p>\n<p>Dru\u0161tvo se u cjelini treba brinuti za djecu i mlade i njihovo dobro mentalno zdravlje, za \u0161to se mora kontinuirano raditi na uklanjanju stigme s mentalnih poreme\u0107aja i oja\u010dati kapacitete za prevenciju i lije\u010denje mentalnih poreme\u0107aja djece i mladih.<br \/>\nJedna od poruka profesora sa dana\u0161njeg okruglog stola je svakako poruka mladim ljudima da potra\u017ee pomo\u0107 jer je to znak hrabrosti i rada na sebi, a nikako znak slabosti.<\/p>\n<p>Me\u0111u zainteresiranom publikom, povela se rasprava o va\u017enosti za\u0161tite i na\u010dinima brige za mentalno zdravlje i mogu\u0107nostima za\u0161tite i promocije mentalnog zdravlja, kako djece i mladih, tako i odraslih.<br \/>\nStudenti svih godina koji su u velikom broju prisustvovali, izrazili su odu\u0161evljenje organizacijom okruglog stola na kojem su saznali mnogo novih informacija od vrhunskih stru\u010dnjaka i imali priliku diskutovati o ovako izuzetno va\u017enoj temi.<\/p>\n<p>Zaklju\u010dak ovog okruglog stola je da unato\u010d izazovima dana\u0161njeg vremena i premalo prepoznatoj temi problema mentalnog zdravlja mladih, nije prekasno da se uz saradnju roditelja, zdravstvenih radnika te odgajatelja i nastavnika radi na prepoznavanju, preventivi i anga\u017emanu oko mentalnog zdravlja mladih.<\/p>\n<p>Svi zainteresovani koji nisu bili u mogu\u0107nosti prisustvovati okruglom stolu, mo\u0107i \u0107e pogledati video na zvani\u010dnoj stranici Edukacijskog fakulteta.<\/p>\n<p>&nbsp;<\/p>\n\n\t\t<style type=\"text\/css\">\n\t\t\t#gallery-1 {\n\t\t\t\tmargin: auto;\n\t\t\t}\n\t\t\t#gallery-1 .gallery-item {\n\t\t\t\tfloat: left;\n\t\t\t\tmargin-top: 10px;\n\t\t\t\ttext-align: center;\n\t\t\t\twidth: 33%;\n\t\t\t}\n\t\t\t#gallery-1 img {\n\t\t\t\tborder: 2px solid #cfcfcf;\n\t\t\t}\n\t\t\t#gallery-1 .gallery-caption {\n\t\t\t\tmargin-left: 0;\n\t\t\t}\n\t\t\t\/* see gallery_shortcode() in wp-includes\/media.php *\/\n\t\t<\/style>\n\t\t<div id='gallery-1' class='gallery galleryid-67813 gallery-columns-3 gallery-size-thumbnail'><dl class='gallery-item'>\n\t\t\t<dt class='gallery-icon landscape'>\n\t\t\t\t<a data-rel=\"iLightbox[postimages]\" data-title=\"mental-health-awareness-concept_23-2148514643\" data-caption=\"\" href='https:\/\/www.eft.ba\/web\/wp-content\/uploads\/2021\/10\/mental-health-awareness-concept_23-2148514643.jpg'><img width=\"150\" height=\"150\" src=\"https:\/\/www.eft.ba\/web\/wp-content\/uploads\/2021\/10\/mental-health-awareness-concept_23-2148514643-150x150.jpg\" class=\"attachment-thumbnail size-thumbnail\" alt=\"\" srcset=\"https:\/\/www.eft.ba\/web\/wp-content\/uploads\/2021\/10\/mental-health-awareness-concept_23-2148514643-45x45.jpg 45w, https:\/\/www.eft.ba\/web\/wp-content\/uploads\/2021\/10\/mental-health-awareness-concept_23-2148514643-66x66.jpg 66w, https:\/\/www.eft.ba\/web\/wp-content\/uploads\/2021\/10\/mental-health-awareness-concept_23-2148514643-150x150.jpg 150w, https:\/\/www.eft.ba\/web\/wp-content\/uploads\/2021\/10\/mental-health-awareness-concept_23-2148514643-200x200.jpg 200w, https:\/\/www.eft.ba\/web\/wp-content\/uploads\/2021\/10\/mental-health-awareness-concept_23-2148514643-300x300.jpg 300w, https:\/\/www.eft.ba\/web\/wp-content\/uploads\/2021\/10\/mental-health-awareness-concept_23-2148514643-400x400.jpg 400w, https:\/\/www.eft.ba\/web\/wp-content\/uploads\/2021\/10\/mental-health-awareness-concept_23-2148514643-600x600.jpg 600w, https:\/\/www.eft.ba\/web\/wp-content\/uploads\/2021\/10\/mental-health-awareness-concept_23-2148514643.jpg 626w\" sizes=\"(max-width: 150px) 100vw, 150px\" \/><\/a>\n\t\t\t<\/dt><\/dl><dl class='gallery-item'>\n\t\t\t<dt class='gallery-icon landscape'>\n\t\t\t\t<a data-rel=\"iLightbox[postimages]\" data-title=\"mental-health-awareness-concept_23-2148531011\" data-caption=\"\" href='https:\/\/www.eft.ba\/web\/wp-content\/uploads\/2021\/10\/mental-health-awareness-concept_23-2148531011.jpg'><img width=\"150\" height=\"150\" src=\"https:\/\/www.eft.ba\/web\/wp-content\/uploads\/2021\/10\/mental-health-awareness-concept_23-2148531011-150x150.jpg\" class=\"attachment-thumbnail size-thumbnail\" alt=\"\" srcset=\"https:\/\/www.eft.ba\/web\/wp-content\/uploads\/2021\/10\/mental-health-awareness-concept_23-2148531011-45x45.jpg 45w, https:\/\/www.eft.ba\/web\/wp-content\/uploads\/2021\/10\/mental-health-awareness-concept_23-2148531011-66x66.jpg 66w, https:\/\/www.eft.ba\/web\/wp-content\/uploads\/2021\/10\/mental-health-awareness-concept_23-2148531011-150x150.jpg 150w, https:\/\/www.eft.ba\/web\/wp-content\/uploads\/2021\/10\/mental-health-awareness-concept_23-2148531011-200x200.jpg 200w, https:\/\/www.eft.ba\/web\/wp-content\/uploads\/2021\/10\/mental-health-awareness-concept_23-2148531011-300x300.jpg 300w, https:\/\/www.eft.ba\/web\/wp-content\/uploads\/2021\/10\/mental-health-awareness-concept_23-2148531011-400x400.jpg 400w, https:\/\/www.eft.ba\/web\/wp-content\/uploads\/2021\/10\/mental-health-awareness-concept_23-2148531011-600x600.jpg 600w, https:\/\/www.eft.ba\/web\/wp-content\/uploads\/2021\/10\/mental-health-awareness-concept_23-2148531011.jpg 626w\" sizes=\"(max-width: 150px) 100vw, 150px\" \/><\/a>\n\t\t\t<\/dt><\/dl><dl class='gallery-item'>\n\t\t\t<dt class='gallery-icon landscape'>\n\t\t\t\t<a data-rel=\"iLightbox[postimages]\" data-title=\"viber_slika_2021-10-18_21-00-12-672\" data-caption=\"\" href='https:\/\/www.eft.ba\/web\/wp-content\/uploads\/2021\/10\/viber_slika_2021-10-18_21-00-12-672.jpg'><img width=\"150\" height=\"150\" src=\"https:\/\/www.eft.ba\/web\/wp-content\/uploads\/2021\/10\/viber_slika_2021-10-18_21-00-12-672-150x150.jpg\" class=\"attachment-thumbnail size-thumbnail\" alt=\"\" srcset=\"https:\/\/www.eft.ba\/web\/wp-content\/uploads\/2021\/10\/viber_slika_2021-10-18_21-00-12-672-45x45.jpg 45w, https:\/\/www.eft.ba\/web\/wp-content\/uploads\/2021\/10\/viber_slika_2021-10-18_21-00-12-672-66x66.jpg 66w, https:\/\/www.eft.ba\/web\/wp-content\/uploads\/2021\/10\/viber_slika_2021-10-18_21-00-12-672-150x150.jpg 150w\" sizes=\"(max-width: 150px) 100vw, 150px\" \/><\/a>\n\t\t\t<\/dt><\/dl><br style=\"clear: both\" \/>\n\t\t<\/div>\n\n","protected":false},"excerpt":{"rendered":"<p>Oktobar se u svijetu obilje\u017eava kao mjesec podizanja svijesti o zna\u010daju mentalnog zdravlja \u0161to bio povod za organizaciju ovog okruglog stola. Mentalno zdravlje ljudi va\u017ena je tema o kojoj se danas premalo govori u dru\u0161tvu punom brojnih problema, istaknuto je na okruglom stolu u organizaciji Edukacijskog fakulteta Univerziteta u Travniku. O va\u017enosti mentalnog zdravlja ljudi [&hellip;]<\/p>\n","protected":false},"author":118,"featured_media":67817,"comment_status":"closed","ping_status":"closed","sticky":false,"template":"","format":"standard","meta":{"ngg_post_thumbnail":0},"categories":[991],"tags":[],"_links":{"self":[{"href":"https:\/\/www.eft.ba\/web\/wp-json\/wp\/v2\/posts\/67813"}],"collection":[{"href":"https:\/\/www.eft.ba\/web\/wp-json\/wp\/v2\/posts"}],"about":[{"href":"https:\/\/www.eft.ba\/web\/wp-json\/wp\/v2\/types\/post"}],"author":[{"embeddable":true,"href":"https:\/\/www.eft.ba\/web\/wp-json\/wp\/v2\/users\/118"}],"replies":[{"embeddable":true,"href":"https:\/\/www.eft.ba\/web\/wp-json\/wp\/v2\/comments?post=67813"}],"version-history":[{"count":1,"href":"https:\/\/www.eft.ba\/web\/wp-json\/wp\/v2\/posts\/67813\/revisions"}],"predecessor-version":[{"id":67818,"href":"https:\/\/www.eft.ba\/web\/wp-json\/wp\/v2\/posts\/67813\/revisions\/67818"}],"wp:featuredmedia":[{"embeddable":true,"href":"https:\/\/www.eft.ba\/web\/wp-json\/wp\/v2\/media\/67817"}],"wp:attachment":[{"href":"https:\/\/www.eft.ba\/web\/wp-json\/wp\/v2\/media?parent=67813"}],"wp:term":[{"taxonomy":"category","embeddable":true,"href":"https:\/\/www.eft.ba\/web\/wp-json\/wp\/v2\/categories?post=67813"},{"taxonomy":"post_tag","embeddable":true,"href":"https:\/\/www.eft.ba\/web\/wp-json\/wp\/v2\/tags?post=67813"}],"curies":[{"name":"wp","href":"https:\/\/api.w.org\/{rel}","templated":true}]}}