{"id":67804,"date":"2021-10-19T21:43:01","date_gmt":"2021-10-19T21:43:01","guid":{"rendered":"https:\/\/www.eft.ba\/web\/?p=67804"},"modified":"2021-10-19T21:43:01","modified_gmt":"2021-10-19T21:43:01","slug":"univerzitet-u-travniku-domacin-5-poslovnog-foruma-evropskog-pokreta-u-bih","status":"publish","type":"post","link":"https:\/\/www.eft.ba\/web\/2021\/10\/19\/univerzitet-u-travniku-domacin-5-poslovnog-foruma-evropskog-pokreta-u-bih\/","title":{"rendered":"Univerzitet u Travniku doma\u0107in 5. Poslovnog foruma Evropskog pokreta u BiH"},"content":{"rendered":"<p>Danas je u prostorijama Univerziteta u Travniku odr\u017eana press konferencija kojom je najavljeno odr\u017eavanje 5. Poslovnog foruma Evropskog pokreta u BiH koji se organizira povodom obilje\u017eavanja 15. godi\u0161njice Evropskog pokreta u BiH.<br \/>\n5. Poslovni forum bit \u0107e odr\u017ean sutra, 20.10.2021.u prostorijama Univerziteta u Taravniku sa po\u010detkom u 14:00 sati.<\/p>\n<p>Na dana\u0161njoj konferenciji za medije, Predrag Pra\u0161talo, predsjednik Evropskog pokreta u BiH, predstavio je program Foruma i neke od tema o kojima \u0107e se govoriti, a prisutnim medijima su se obratili i premijer SBK, Tahir Lendo i na\u010delnik Op\u0107ine Travnik, Kenan Dautovi\u0107.<\/p>\n<p>Premijer SBK\/KSB, Tahir Lendo podr\u017eao je projekat Evropskog pokreta isti\u010du\u0107i zna\u010daj sutra\u0161njih panela za gra\u0111ane koji \u0107e imati priliku \u010duti ne\u0161to o politi\u010dkim i privrednim pitanjima.<\/p>\n<p>Na\u010delnik Op\u0107ine Travnik, Kenan Dautovi\u0107 naglasio je da sama rije\u010d Evropa treba vi\u0161e da dominira u na\u0161em mentalnom sklopu, te da to treba biti pristup kojem treba te\u017eiti na na\u010din \u0161to \u0107emo ga svi zajedno njegovati, jer bez obzira na sve razli\u010ditosti izme\u0111u ljudi, svi pripadamo tom civilizacijskom krugu.<\/p>\n<p>U ime doma\u0107ina Foruma obratila prof.dr. Amra Tuzovi\u0107 i izrazila zadovljstvo \u0161to je Univerzitet u Travniku doma\u0107in jednog ovako zna\u010dajnog doga\u0111aja.<\/p>\n<p>Prema agendi Forum \u0107e po\u010deti posjetom ambasadora Republike Slovenije Vladi Srednjobosanskog kantona. Nakon \u010dega \u0107e uslijediti radni dio, na kojem \u0107e poseban zna\u010daj zauzeti primjeri pozitivne prakse. U\u010desnici \u0107e ukazati na mjere koje bi na\u0161a zemlja trebala poduzeti kako bi pove\u0107ala konkutrentnost i pribli\u017eila se standardu zemalja zapada.<\/p>\n<p>Partneri u projektu su Vlada SBK\/KSB, Op\u0107ina Travnik, Univerzitet u Travniku, Vanjsko-trgovinska komora BiH, Privredna\/Gospodarska komora FBiH, Op\u0107ina Stari Grad Sarajevo, grad Cazin, grad Gra\u010danica, grad Gora\u017ede i drugi.<\/p>\n<p>&nbsp;<\/p>\n\n\t\t<style type=\"text\/css\">\n\t\t\t#gallery-1 {\n\t\t\t\tmargin: auto;\n\t\t\t}\n\t\t\t#gallery-1 .gallery-item {\n\t\t\t\tfloat: left;\n\t\t\t\tmargin-top: 10px;\n\t\t\t\ttext-align: center;\n\t\t\t\twidth: 33%;\n\t\t\t}\n\t\t\t#gallery-1 img {\n\t\t\t\tborder: 2px solid #cfcfcf;\n\t\t\t}\n\t\t\t#gallery-1 .gallery-caption {\n\t\t\t\tmargin-left: 0;\n\t\t\t}\n\t\t\t\/* see gallery_shortcode() in wp-includes\/media.php *\/\n\t\t<\/style>\n\t\t<div id='gallery-1' class='gallery galleryid-67804 gallery-columns-3 gallery-size-thumbnail'><dl class='gallery-item'>\n\t\t\t<dt class='gallery-icon landscape'>\n\t\t\t\t<a data-rel=\"iLightbox[postimages]\" data-title=\"viber_slika_2021-10-19_22-09-57-683\" data-caption=\"\" href='https:\/\/www.eft.ba\/web\/wp-content\/uploads\/2021\/10\/viber_slika_2021-10-19_22-09-57-683.jpg'><img width=\"150\" height=\"150\" src=\"https:\/\/www.eft.ba\/web\/wp-content\/uploads\/2021\/10\/viber_slika_2021-10-19_22-09-57-683-150x150.jpg\" class=\"attachment-thumbnail size-thumbnail\" alt=\"\" srcset=\"https:\/\/www.eft.ba\/web\/wp-content\/uploads\/2021\/10\/viber_slika_2021-10-19_22-09-57-683-45x45.jpg 45w, https:\/\/www.eft.ba\/web\/wp-content\/uploads\/2021\/10\/viber_slika_2021-10-19_22-09-57-683-66x66.jpg 66w, https:\/\/www.eft.ba\/web\/wp-content\/uploads\/2021\/10\/viber_slika_2021-10-19_22-09-57-683-150x150.jpg 150w\" sizes=\"(max-width: 150px) 100vw, 150px\" \/><\/a>\n\t\t\t<\/dt><\/dl><dl class='gallery-item'>\n\t\t\t<dt class='gallery-icon landscape'>\n\t\t\t\t<a data-rel=\"iLightbox[postimages]\" data-title=\"viber_slika_2021-10-19_22-09-58-184\" data-caption=\"\" href='https:\/\/www.eft.ba\/web\/wp-content\/uploads\/2021\/10\/viber_slika_2021-10-19_22-09-58-184.jpg'><img width=\"150\" height=\"150\" src=\"https:\/\/www.eft.ba\/web\/wp-content\/uploads\/2021\/10\/viber_slika_2021-10-19_22-09-58-184-150x150.jpg\" class=\"attachment-thumbnail size-thumbnail\" alt=\"\" srcset=\"https:\/\/www.eft.ba\/web\/wp-content\/uploads\/2021\/10\/viber_slika_2021-10-19_22-09-58-184-45x45.jpg 45w, https:\/\/www.eft.ba\/web\/wp-content\/uploads\/2021\/10\/viber_slika_2021-10-19_22-09-58-184-66x66.jpg 66w, https:\/\/www.eft.ba\/web\/wp-content\/uploads\/2021\/10\/viber_slika_2021-10-19_22-09-58-184-150x150.jpg 150w\" sizes=\"(max-width: 150px) 100vw, 150px\" \/><\/a>\n\t\t\t<\/dt><\/dl><dl class='gallery-item'>\n\t\t\t<dt class='gallery-icon landscape'>\n\t\t\t\t<a data-rel=\"iLightbox[postimages]\" data-title=\"viber_slika_2021-10-19_22-09-58-445\" data-caption=\"\" href='https:\/\/www.eft.ba\/web\/wp-content\/uploads\/2021\/10\/viber_slika_2021-10-19_22-09-58-445.jpg'><img width=\"150\" height=\"150\" src=\"https:\/\/www.eft.ba\/web\/wp-content\/uploads\/2021\/10\/viber_slika_2021-10-19_22-09-58-445-150x150.jpg\" class=\"attachment-thumbnail size-thumbnail\" alt=\"\" srcset=\"https:\/\/www.eft.ba\/web\/wp-content\/uploads\/2021\/10\/viber_slika_2021-10-19_22-09-58-445-45x45.jpg 45w, https:\/\/www.eft.ba\/web\/wp-content\/uploads\/2021\/10\/viber_slika_2021-10-19_22-09-58-445-66x66.jpg 66w, https:\/\/www.eft.ba\/web\/wp-content\/uploads\/2021\/10\/viber_slika_2021-10-19_22-09-58-445-150x150.jpg 150w\" sizes=\"(max-width: 150px) 100vw, 150px\" \/><\/a>\n\t\t\t<\/dt><\/dl><br style=\"clear: both\" \/><dl class='gallery-item'>\n\t\t\t<dt class='gallery-icon landscape'>\n\t\t\t\t<a data-rel=\"iLightbox[postimages]\" data-title=\"viber_slika_2021-10-19_22-09-58-697\" data-caption=\"\" href='https:\/\/www.eft.ba\/web\/wp-content\/uploads\/2021\/10\/viber_slika_2021-10-19_22-09-58-697.jpg'><img width=\"150\" height=\"150\" src=\"https:\/\/www.eft.ba\/web\/wp-content\/uploads\/2021\/10\/viber_slika_2021-10-19_22-09-58-697-150x150.jpg\" class=\"attachment-thumbnail size-thumbnail\" alt=\"\" srcset=\"https:\/\/www.eft.ba\/web\/wp-content\/uploads\/2021\/10\/viber_slika_2021-10-19_22-09-58-697-45x45.jpg 45w, https:\/\/www.eft.ba\/web\/wp-content\/uploads\/2021\/10\/viber_slika_2021-10-19_22-09-58-697-66x66.jpg 66w, https:\/\/www.eft.ba\/web\/wp-content\/uploads\/2021\/10\/viber_slika_2021-10-19_22-09-58-697-150x150.jpg 150w\" sizes=\"(max-width: 150px) 100vw, 150px\" \/><\/a>\n\t\t\t<\/dt><\/dl><dl class='gallery-item'>\n\t\t\t<dt class='gallery-icon landscape'>\n\t\t\t\t<a data-rel=\"iLightbox[postimages]\" data-title=\"viber_slika_2021-10-19_22-09-58-881\" data-caption=\"\" href='https:\/\/www.eft.ba\/web\/wp-content\/uploads\/2021\/10\/viber_slika_2021-10-19_22-09-58-881.jpg'><img width=\"150\" height=\"150\" src=\"https:\/\/www.eft.ba\/web\/wp-content\/uploads\/2021\/10\/viber_slika_2021-10-19_22-09-58-881-150x150.jpg\" class=\"attachment-thumbnail size-thumbnail\" alt=\"\" srcset=\"https:\/\/www.eft.ba\/web\/wp-content\/uploads\/2021\/10\/viber_slika_2021-10-19_22-09-58-881-45x45.jpg 45w, https:\/\/www.eft.ba\/web\/wp-content\/uploads\/2021\/10\/viber_slika_2021-10-19_22-09-58-881-66x66.jpg 66w, https:\/\/www.eft.ba\/web\/wp-content\/uploads\/2021\/10\/viber_slika_2021-10-19_22-09-58-881-150x150.jpg 150w\" sizes=\"(max-width: 150px) 100vw, 150px\" \/><\/a>\n\t\t\t<\/dt><\/dl><dl class='gallery-item'>\n\t\t\t<dt class='gallery-icon landscape'>\n\t\t\t\t<a data-rel=\"iLightbox[postimages]\" data-title=\"viber_slika_2021-10-19_22-10-22-836\" data-caption=\"\" href='https:\/\/www.eft.ba\/web\/wp-content\/uploads\/2021\/10\/viber_slika_2021-10-19_22-10-22-836.jpg'><img width=\"150\" height=\"150\" src=\"https:\/\/www.eft.ba\/web\/wp-content\/uploads\/2021\/10\/viber_slika_2021-10-19_22-10-22-836-150x150.jpg\" class=\"attachment-thumbnail size-thumbnail\" alt=\"\" srcset=\"https:\/\/www.eft.ba\/web\/wp-content\/uploads\/2021\/10\/viber_slika_2021-10-19_22-10-22-836-45x45.jpg 45w, https:\/\/www.eft.ba\/web\/wp-content\/uploads\/2021\/10\/viber_slika_2021-10-19_22-10-22-836-66x66.jpg 66w, https:\/\/www.eft.ba\/web\/wp-content\/uploads\/2021\/10\/viber_slika_2021-10-19_22-10-22-836-150x150.jpg 150w\" sizes=\"(max-width: 150px) 100vw, 150px\" \/><\/a>\n\t\t\t<\/dt><\/dl><br style=\"clear: both\" \/>\n\t\t<\/div>\n\n","protected":false},"excerpt":{"rendered":"<p>Danas je u prostorijama Univerziteta u Travniku odr\u017eana press konferencija kojom je najavljeno odr\u017eavanje 5. Poslovnog foruma Evropskog pokreta u BiH koji se organizira povodom obilje\u017eavanja 15. godi\u0161njice Evropskog pokreta u BiH. 5. Poslovni forum bit \u0107e odr\u017ean sutra, 20.10.2021.u prostorijama Univerziteta u Taravniku sa po\u010detkom u 14:00 sati. Na dana\u0161njoj konferenciji za medije, Predrag [&hellip;]<\/p>\n","protected":false},"author":118,"featured_media":67811,"comment_status":"closed","ping_status":"closed","sticky":false,"template":"","format":"standard","meta":{"ngg_post_thumbnail":0},"categories":[991],"tags":[],"_links":{"self":[{"href":"https:\/\/www.eft.ba\/web\/wp-json\/wp\/v2\/posts\/67804"}],"collection":[{"href":"https:\/\/www.eft.ba\/web\/wp-json\/wp\/v2\/posts"}],"about":[{"href":"https:\/\/www.eft.ba\/web\/wp-json\/wp\/v2\/types\/post"}],"author":[{"embeddable":true,"href":"https:\/\/www.eft.ba\/web\/wp-json\/wp\/v2\/users\/118"}],"replies":[{"embeddable":true,"href":"https:\/\/www.eft.ba\/web\/wp-json\/wp\/v2\/comments?post=67804"}],"version-history":[{"count":1,"href":"https:\/\/www.eft.ba\/web\/wp-json\/wp\/v2\/posts\/67804\/revisions"}],"predecessor-version":[{"id":67812,"href":"https:\/\/www.eft.ba\/web\/wp-json\/wp\/v2\/posts\/67804\/revisions\/67812"}],"wp:featuredmedia":[{"embeddable":true,"href":"https:\/\/www.eft.ba\/web\/wp-json\/wp\/v2\/media\/67811"}],"wp:attachment":[{"href":"https:\/\/www.eft.ba\/web\/wp-json\/wp\/v2\/media?parent=67804"}],"wp:term":[{"taxonomy":"category","embeddable":true,"href":"https:\/\/www.eft.ba\/web\/wp-json\/wp\/v2\/categories?post=67804"},{"taxonomy":"post_tag","embeddable":true,"href":"https:\/\/www.eft.ba\/web\/wp-json\/wp\/v2\/tags?post=67804"}],"curies":[{"name":"wp","href":"https:\/\/api.w.org\/{rel}","templated":true}]}}