{"id":67796,"date":"2021-10-05T17:50:16","date_gmt":"2021-10-05T17:50:16","guid":{"rendered":"https:\/\/www.eft.ba\/web\/?p=67796"},"modified":"2021-10-05T18:08:55","modified_gmt":"2021-10-05T18:08:55","slug":"cestitamo-svjetski-dan-prosvjetnih-radnika","status":"publish","type":"post","link":"https:\/\/www.eft.ba\/web\/2021\/10\/05\/cestitamo-svjetski-dan-prosvjetnih-radnika\/","title":{"rendered":"\u010cestitamo svjetski dan prosvjetnih radnika!"},"content":{"rendered":"<p>&nbsp;<\/p>\n<p>Svjetski dan prosvjetnih radnika obilje\u017eava se svake godine 5. oktobra s ciljem da se prika\u017ee uloga u\u010ditelja u na\u0161im \u017eivotima, ali i njihova velika odgovornost jer u\u010ditelj sadi sjemenke znanja koja rastu zauvijek.<br \/>\nPovodom toga svim u\u010diteljima, nastavnicima i profesorima \u010destitamo svjetski dan prosvjetnih radnika te im se zahvaljujemo na znanju kojim daruju u\u010denike vode\u0107i ih do novih spoznaja.<\/p>\n<p>&nbsp;<\/p>\n<p><img class=\"alignnone size-medium wp-image-67797\" src=\"https:\/\/www.eft.ba\/web\/wp-content\/uploads\/2021\/10\/IMG-65e7fbbcfa7b17099e7c95b90820339f-V-300x230.jpg\" alt=\"\" width=\"300\" height=\"230\" srcset=\"https:\/\/www.eft.ba\/web\/wp-content\/uploads\/2021\/10\/IMG-65e7fbbcfa7b17099e7c95b90820339f-V-200x153.jpg 200w, https:\/\/www.eft.ba\/web\/wp-content\/uploads\/2021\/10\/IMG-65e7fbbcfa7b17099e7c95b90820339f-V-300x230.jpg 300w, https:\/\/www.eft.ba\/web\/wp-content\/uploads\/2021\/10\/IMG-65e7fbbcfa7b17099e7c95b90820339f-V-400x307.jpg 400w, https:\/\/www.eft.ba\/web\/wp-content\/uploads\/2021\/10\/IMG-65e7fbbcfa7b17099e7c95b90820339f-V-600x460.jpg 600w, https:\/\/www.eft.ba\/web\/wp-content\/uploads\/2021\/10\/IMG-65e7fbbcfa7b17099e7c95b90820339f-V-768x589.jpg 768w, https:\/\/www.eft.ba\/web\/wp-content\/uploads\/2021\/10\/IMG-65e7fbbcfa7b17099e7c95b90820339f-V-800x614.jpg 800w, https:\/\/www.eft.ba\/web\/wp-content\/uploads\/2021\/10\/IMG-65e7fbbcfa7b17099e7c95b90820339f-V.jpg 920w\" sizes=\"(max-width: 300px) 100vw, 300px\" \/><\/p>\n","protected":false},"excerpt":{"rendered":"<p>&nbsp; Svjetski dan prosvjetnih radnika obilje\u017eava se svake godine 5. oktobra s ciljem da se prika\u017ee uloga u\u010ditelja u na\u0161im \u017eivotima, ali i njihova velika odgovornost jer u\u010ditelj sadi sjemenke znanja koja rastu zauvijek. Povodom toga svim u\u010diteljima, nastavnicima i profesorima \u010destitamo svjetski dan prosvjetnih radnika te im se zahvaljujemo na znanju kojim daruju u\u010denike [&hellip;]<\/p>\n","protected":false},"author":118,"featured_media":67800,"comment_status":"closed","ping_status":"closed","sticky":false,"template":"","format":"standard","meta":{"ngg_post_thumbnail":0},"categories":[991],"tags":[],"_links":{"self":[{"href":"https:\/\/www.eft.ba\/web\/wp-json\/wp\/v2\/posts\/67796"}],"collection":[{"href":"https:\/\/www.eft.ba\/web\/wp-json\/wp\/v2\/posts"}],"about":[{"href":"https:\/\/www.eft.ba\/web\/wp-json\/wp\/v2\/types\/post"}],"author":[{"embeddable":true,"href":"https:\/\/www.eft.ba\/web\/wp-json\/wp\/v2\/users\/118"}],"replies":[{"embeddable":true,"href":"https:\/\/www.eft.ba\/web\/wp-json\/wp\/v2\/comments?post=67796"}],"version-history":[{"count":2,"href":"https:\/\/www.eft.ba\/web\/wp-json\/wp\/v2\/posts\/67796\/revisions"}],"predecessor-version":[{"id":67801,"href":"https:\/\/www.eft.ba\/web\/wp-json\/wp\/v2\/posts\/67796\/revisions\/67801"}],"wp:featuredmedia":[{"embeddable":true,"href":"https:\/\/www.eft.ba\/web\/wp-json\/wp\/v2\/media\/67800"}],"wp:attachment":[{"href":"https:\/\/www.eft.ba\/web\/wp-json\/wp\/v2\/media?parent=67796"}],"wp:term":[{"taxonomy":"category","embeddable":true,"href":"https:\/\/www.eft.ba\/web\/wp-json\/wp\/v2\/categories?post=67796"},{"taxonomy":"post_tag","embeddable":true,"href":"https:\/\/www.eft.ba\/web\/wp-json\/wp\/v2\/tags?post=67796"}],"curies":[{"name":"wp","href":"https:\/\/api.w.org\/{rel}","templated":true}]}}