{"id":66753,"date":"2021-01-20T17:27:34","date_gmt":"2021-01-20T17:27:34","guid":{"rendered":"https:\/\/www.eft.ba\/web\/?p=66753"},"modified":"2021-01-20T17:27:34","modified_gmt":"2021-01-20T17:27:34","slug":"poziv-za-ucesce-u-programu-obiljezavanja-dana-opcine-travnik","status":"publish","type":"post","link":"https:\/\/www.eft.ba\/web\/2021\/01\/20\/poziv-za-ucesce-u-programu-obiljezavanja-dana-opcine-travnik\/","title":{"rendered":"Poziv za u\u010de\u0161\u0107e u programu obilje\u017eavanja Dana op\u0107ine Travnik"},"content":{"rendered":"<h1 class=\"entry-title fusion-post-title\"><\/h1>\n<div class=\"post-content\">\n<p>Dragi studenti,<\/p>\n<p>U toku je poziv za u\u010de\u0161\u0107e u obilje\u017eavanju Dana op\u0107ine Travnik. Svake godine na\u0161 fakultet je bio dio programa sa razli\u010ditm projektima koji su promovisali rad studenata, fakulteta i unapre\u0111ivali rad lokalne zajednice.<\/p>\n<p>Pozivamo vas da ove godine budete kreativni, motivirani i inspirisani novim uslovima u kojima svi radimo proteklih mjeseci, predlo\u017eite projekte sa kojima bismo mogli aplicirati na Poziv Op\u0107ine koji je dostupan na\u00a0<a href=\"https:\/\/www.opcinatravnik.com.ba\/ba\/aktuelno\/javni-pozivi\/27646-javni-poziv-za-ucesce-u-programu-obiljezavanja-dana-opcine-travnik-21-03-u-2021-g\">linku<\/a><br \/>\nRok za dostavljanje Va\u0161ih prijedloga je:\u00a0<strong>31.01.2021. godine do 12:00 sati<\/strong>\u00a0koje mo\u017eete poslati na e-mail eftfts.timzavak@gmail.com<\/p>\n<p>Radujemo se va\u0161im idejama i novim dru\u017eenjima koja \u0107e biti afirmativna i nositi poruke iskustva koje \u0107emo rado podijeliti sa na\u0161om lokalnom zajednicom.<\/p>\n<p>\u010cekamo prijedloge!!<\/p>\n<\/div>\n<p>Va\u0161 Edukacijski fakultet<\/p>\n","protected":false},"excerpt":{"rendered":"<p>Dragi studenti, U toku je poziv za u\u010de\u0161\u0107e u obilje\u017eavanju Dana op\u0107ine Travnik. Svake godine na\u0161 fakultet je bio dio programa sa razli\u010ditm projektima koji su promovisali rad studenata, fakulteta i unapre\u0111ivali rad lokalne zajednice. Pozivamo vas da ove godine budete kreativni, motivirani i inspirisani novim uslovima u kojima svi radimo proteklih mjeseci, predlo\u017eite projekte [&hellip;]<\/p>\n","protected":false},"author":118,"featured_media":66754,"comment_status":"closed","ping_status":"closed","sticky":false,"template":"","format":"standard","meta":{"ngg_post_thumbnail":0},"categories":[991],"tags":[],"_links":{"self":[{"href":"https:\/\/www.eft.ba\/web\/wp-json\/wp\/v2\/posts\/66753"}],"collection":[{"href":"https:\/\/www.eft.ba\/web\/wp-json\/wp\/v2\/posts"}],"about":[{"href":"https:\/\/www.eft.ba\/web\/wp-json\/wp\/v2\/types\/post"}],"author":[{"embeddable":true,"href":"https:\/\/www.eft.ba\/web\/wp-json\/wp\/v2\/users\/118"}],"replies":[{"embeddable":true,"href":"https:\/\/www.eft.ba\/web\/wp-json\/wp\/v2\/comments?post=66753"}],"version-history":[{"count":1,"href":"https:\/\/www.eft.ba\/web\/wp-json\/wp\/v2\/posts\/66753\/revisions"}],"predecessor-version":[{"id":66755,"href":"https:\/\/www.eft.ba\/web\/wp-json\/wp\/v2\/posts\/66753\/revisions\/66755"}],"wp:featuredmedia":[{"embeddable":true,"href":"https:\/\/www.eft.ba\/web\/wp-json\/wp\/v2\/media\/66754"}],"wp:attachment":[{"href":"https:\/\/www.eft.ba\/web\/wp-json\/wp\/v2\/media?parent=66753"}],"wp:term":[{"taxonomy":"category","embeddable":true,"href":"https:\/\/www.eft.ba\/web\/wp-json\/wp\/v2\/categories?post=66753"},{"taxonomy":"post_tag","embeddable":true,"href":"https:\/\/www.eft.ba\/web\/wp-json\/wp\/v2\/tags?post=66753"}],"curies":[{"name":"wp","href":"https:\/\/api.w.org\/{rel}","templated":true}]}}