{"id":66692,"date":"2021-01-06T16:45:39","date_gmt":"2021-01-06T16:45:39","guid":{"rendered":"https:\/\/www.eft.ba\/web\/?p=66692"},"modified":"2021-01-06T16:45:39","modified_gmt":"2021-01-06T16:45:39","slug":"sretan-bozic-6","status":"publish","type":"post","link":"https:\/\/www.eft.ba\/web\/2021\/01\/06\/sretan-bozic-6\/","title":{"rendered":"Sretan Bo\u017ei\u0107 !"},"content":{"rendered":"<p>Svim pripadnicima pravoslavne vjeroispovijesti \u017eelimo sretan Bo\u017ei\u0107!<\/p>\n","protected":false},"excerpt":{"rendered":"<p>Svim pripadnicima pravoslavne vjeroispovijesti \u017eelimo sretan Bo\u017ei\u0107!<\/p>\n","protected":false},"author":118,"featured_media":66674,"comment_status":"closed","ping_status":"closed","sticky":false,"template":"","format":"standard","meta":{"ngg_post_thumbnail":0},"categories":[1,991],"tags":[],"_links":{"self":[{"href":"https:\/\/www.eft.ba\/web\/wp-json\/wp\/v2\/posts\/66692"}],"collection":[{"href":"https:\/\/www.eft.ba\/web\/wp-json\/wp\/v2\/posts"}],"about":[{"href":"https:\/\/www.eft.ba\/web\/wp-json\/wp\/v2\/types\/post"}],"author":[{"embeddable":true,"href":"https:\/\/www.eft.ba\/web\/wp-json\/wp\/v2\/users\/118"}],"replies":[{"embeddable":true,"href":"https:\/\/www.eft.ba\/web\/wp-json\/wp\/v2\/comments?post=66692"}],"version-history":[{"count":1,"href":"https:\/\/www.eft.ba\/web\/wp-json\/wp\/v2\/posts\/66692\/revisions"}],"predecessor-version":[{"id":66693,"href":"https:\/\/www.eft.ba\/web\/wp-json\/wp\/v2\/posts\/66692\/revisions\/66693"}],"wp:featuredmedia":[{"embeddable":true,"href":"https:\/\/www.eft.ba\/web\/wp-json\/wp\/v2\/media\/66674"}],"wp:attachment":[{"href":"https:\/\/www.eft.ba\/web\/wp-json\/wp\/v2\/media?parent=66692"}],"wp:term":[{"taxonomy":"category","embeddable":true,"href":"https:\/\/www.eft.ba\/web\/wp-json\/wp\/v2\/categories?post=66692"},{"taxonomy":"post_tag","embeddable":true,"href":"https:\/\/www.eft.ba\/web\/wp-json\/wp\/v2\/tags?post=66692"}],"curies":[{"name":"wp","href":"https:\/\/api.w.org\/{rel}","templated":true}]}}