{"id":66673,"date":"2020-12-25T01:40:52","date_gmt":"2020-12-25T01:40:52","guid":{"rendered":"https:\/\/www.eft.ba\/web\/?p=66673"},"modified":"2020-12-25T01:40:52","modified_gmt":"2020-12-25T01:40:52","slug":"sretan-bozic-5","status":"publish","type":"post","link":"https:\/\/www.eft.ba\/web\/2020\/12\/25\/sretan-bozic-5\/","title":{"rendered":"Sretan Bo\u017ei\u0107!"},"content":{"rendered":"<p>Svim pripadnicima katoli\u010dke vjeroispovijesti \u017eelimo sretan Bo\u017ei\u0107!<\/p>\n","protected":false},"excerpt":{"rendered":"<p>Svim pripadnicima katoli\u010dke vjeroispovijesti \u017eelimo sretan Bo\u017ei\u0107!<\/p>\n","protected":false},"author":118,"featured_media":66674,"comment_status":"closed","ping_status":"closed","sticky":false,"template":"","format":"standard","meta":{"ngg_post_thumbnail":0},"categories":[991],"tags":[],"_links":{"self":[{"href":"https:\/\/www.eft.ba\/web\/wp-json\/wp\/v2\/posts\/66673"}],"collection":[{"href":"https:\/\/www.eft.ba\/web\/wp-json\/wp\/v2\/posts"}],"about":[{"href":"https:\/\/www.eft.ba\/web\/wp-json\/wp\/v2\/types\/post"}],"author":[{"embeddable":true,"href":"https:\/\/www.eft.ba\/web\/wp-json\/wp\/v2\/users\/118"}],"replies":[{"embeddable":true,"href":"https:\/\/www.eft.ba\/web\/wp-json\/wp\/v2\/comments?post=66673"}],"version-history":[{"count":1,"href":"https:\/\/www.eft.ba\/web\/wp-json\/wp\/v2\/posts\/66673\/revisions"}],"predecessor-version":[{"id":66675,"href":"https:\/\/www.eft.ba\/web\/wp-json\/wp\/v2\/posts\/66673\/revisions\/66675"}],"wp:featuredmedia":[{"embeddable":true,"href":"https:\/\/www.eft.ba\/web\/wp-json\/wp\/v2\/media\/66674"}],"wp:attachment":[{"href":"https:\/\/www.eft.ba\/web\/wp-json\/wp\/v2\/media?parent=66673"}],"wp:term":[{"taxonomy":"category","embeddable":true,"href":"https:\/\/www.eft.ba\/web\/wp-json\/wp\/v2\/categories?post=66673"},{"taxonomy":"post_tag","embeddable":true,"href":"https:\/\/www.eft.ba\/web\/wp-json\/wp\/v2\/tags?post=66673"}],"curies":[{"name":"wp","href":"https:\/\/api.w.org\/{rel}","templated":true}]}}