{"id":66622,"date":"2020-12-07T14:56:52","date_gmt":"2020-12-07T14:56:52","guid":{"rendered":"https:\/\/www.eft.ba\/web\/?p=66622"},"modified":"2020-12-07T14:56:52","modified_gmt":"2020-12-07T14:56:52","slug":"jeste-li-se-prijavili-na-grademy","status":"publish","type":"post","link":"https:\/\/www.eft.ba\/web\/2020\/12\/07\/jeste-li-se-prijavili-na-grademy\/","title":{"rendered":"Jeste li se prijavili na GraDemy?"},"content":{"rendered":"<p>Udru\u017eenje Grafx organizuje program \u201eGraDemy \u2013 Akademiju za osna\u017eivanje studenata\u201c za sve studente Univerziteta u Travniku, kojim \u0107e kroz interaktivne module nastojati umre\u017eiti studente, ponuditi im nova (sa)znanja i vje\u0161tine, te pota\u0107i na aktivno djelovanje.<\/p>\n<p>GraDemy je podijeljena u dvije faze:<\/p>\n<ol>\n<li><strong>GROW<\/strong>\u00a0\u2013 tokom koje \u0107e biti organizovane interaktivne radionice na teme: Timski rad, Aktivizam i volonterizam, Projektni menad\u017ement i Vje\u0161tine javnog nastupa i dru\u0161tvene mre\u017ee<\/li>\n<\/ol>\n<p><em>Svaki od modula \u0107e trajati dva radna dana, u trajanju od 1,5 sat po danu.<span class=\"Apple-converted-space\">\u00a0<\/span><\/em><\/p>\n<ol start=\"2\">\n<li><strong>(RE)ACT<\/strong>\u00a0\u2013 u izvr\u0161noj fazi akademije studenti \u0107e imati priliku prakti\u010dno primijeniti ste\u010deno znanje.<span class=\"Apple-converted-space\">\u00a0<\/span><\/li>\n<\/ol>\n<p>Zbog epidemiolo\u0161ke situacije, radionice i druge aktivnosti \u0107e se odr\u017eavati online, putem Zoom aplikacije.<\/p>\n<p>Na\u0161 prvi susret planiran je u srijedu, 09.12.2020 u 18h.<\/p>\n<p>Ukoliko ste zainteresovani za u\u010de\u0161\u0107e mo\u017eete se prijaviti do srijede, putem kratkog\u00a0<\/p>\n<p>Vi\u0161e informacija o programu dostupno je na web stranici\u00a0<a href=\"https:\/\/grafx.ba\/grademy\/\">Grafx-a<\/a><\/p>\n<p>&nbsp;<\/p>\n","protected":false},"excerpt":{"rendered":"<p>Udru\u017eenje Grafx organizuje program \u201eGraDemy \u2013 Akademiju za osna\u017eivanje studenata\u201c za sve studente Univerziteta u Travniku, kojim \u0107e kroz interaktivne module nastojati umre\u017eiti studente, ponuditi im nova (sa)znanja i vje\u0161tine, te pota\u0107i na aktivno djelovanje. GraDemy je podijeljena u dvije faze: GROW\u00a0\u2013 tokom koje \u0107e biti organizovane interaktivne radionice na teme: Timski rad, Aktivizam i [&hellip;]<\/p>\n","protected":false},"author":118,"featured_media":66623,"comment_status":"closed","ping_status":"closed","sticky":false,"template":"","format":"standard","meta":{"ngg_post_thumbnail":0},"categories":[991],"tags":[],"_links":{"self":[{"href":"https:\/\/www.eft.ba\/web\/wp-json\/wp\/v2\/posts\/66622"}],"collection":[{"href":"https:\/\/www.eft.ba\/web\/wp-json\/wp\/v2\/posts"}],"about":[{"href":"https:\/\/www.eft.ba\/web\/wp-json\/wp\/v2\/types\/post"}],"author":[{"embeddable":true,"href":"https:\/\/www.eft.ba\/web\/wp-json\/wp\/v2\/users\/118"}],"replies":[{"embeddable":true,"href":"https:\/\/www.eft.ba\/web\/wp-json\/wp\/v2\/comments?post=66622"}],"version-history":[{"count":1,"href":"https:\/\/www.eft.ba\/web\/wp-json\/wp\/v2\/posts\/66622\/revisions"}],"predecessor-version":[{"id":66624,"href":"https:\/\/www.eft.ba\/web\/wp-json\/wp\/v2\/posts\/66622\/revisions\/66624"}],"wp:featuredmedia":[{"embeddable":true,"href":"https:\/\/www.eft.ba\/web\/wp-json\/wp\/v2\/media\/66623"}],"wp:attachment":[{"href":"https:\/\/www.eft.ba\/web\/wp-json\/wp\/v2\/media?parent=66622"}],"wp:term":[{"taxonomy":"category","embeddable":true,"href":"https:\/\/www.eft.ba\/web\/wp-json\/wp\/v2\/categories?post=66622"},{"taxonomy":"post_tag","embeddable":true,"href":"https:\/\/www.eft.ba\/web\/wp-json\/wp\/v2\/tags?post=66622"}],"curies":[{"name":"wp","href":"https:\/\/api.w.org\/{rel}","templated":true}]}}