{"id":66375,"date":"2020-08-12T17:05:47","date_gmt":"2020-08-12T17:05:47","guid":{"rendered":"https:\/\/www.eft.ba\/web\/?p=66375"},"modified":"2020-08-12T17:05:47","modified_gmt":"2020-08-12T17:05:47","slug":"sretan-medjunarodni-dan-mladih","status":"publish","type":"post","link":"https:\/\/www.eft.ba\/web\/2020\/08\/12\/sretan-medjunarodni-dan-mladih\/","title":{"rendered":"Sretan Me\u0111unarodni dan mladih!"},"content":{"rendered":"<p>Generalna skup\u0161tina Ujedinjenih naroda je 1999. godine proglasila 12. august kao Me\u0111unarodni dan mladih, koji se, ve\u0107 osamnaestu godinu zaredom, \u0161irom svijeta obilje\u017eava raznim aktivnostima, a sve u cilju promocije znanja, vje\u0161tina i sposobnosti mladih ljudi, kao i podizanja svijesti o problemima s kojima se susre\u0107u.<\/p>\n<p>Na Me\u0111unarodni dan mladih u na\u0161oj zemlji\u00a0 pokrenut je najbolji Evropski program za mlade ali i odr\u017ean jedinstveni uli\u010dni performans pod nazivom \u201cA gdje ti ide\u0161?\u201d.<\/p>\n<p>Kako ka\u017ee stara izreka: \u201eNa mladima svijet ostaje\u201c, stoga slavimo postignu\u0107a mladih u svijetu i ohrabrujmo ih za nova.<\/p>\n<p>Vi\u0161e detalja o tome kako je ovaj dan obilje\u017een u na\u0161oj zemlji, pro\u010ditajte na linkovima ispod:<\/p>\n<p>https:\/\/bit.ly\/30NGXiY<\/p>\n<p>https:\/\/bit.ly\/3iDWeZJ<\/p>\n","protected":false},"excerpt":{"rendered":"<p>Generalna skup\u0161tina Ujedinjenih naroda je 1999. godine proglasila 12. august kao Me\u0111unarodni dan mladih, koji se, ve\u0107 osamnaestu godinu zaredom, \u0161irom svijeta obilje\u017eava raznim aktivnostima, a sve u cilju promocije znanja, vje\u0161tina i sposobnosti mladih ljudi, kao i podizanja svijesti o problemima s kojima se susre\u0107u. Na Me\u0111unarodni dan mladih u na\u0161oj zemlji\u00a0 pokrenut je [&hellip;]<\/p>\n","protected":false},"author":1,"featured_media":66376,"comment_status":"closed","ping_status":"closed","sticky":false,"template":"","format":"standard","meta":{"ngg_post_thumbnail":0},"categories":[991],"tags":[],"_links":{"self":[{"href":"https:\/\/www.eft.ba\/web\/wp-json\/wp\/v2\/posts\/66375"}],"collection":[{"href":"https:\/\/www.eft.ba\/web\/wp-json\/wp\/v2\/posts"}],"about":[{"href":"https:\/\/www.eft.ba\/web\/wp-json\/wp\/v2\/types\/post"}],"author":[{"embeddable":true,"href":"https:\/\/www.eft.ba\/web\/wp-json\/wp\/v2\/users\/1"}],"replies":[{"embeddable":true,"href":"https:\/\/www.eft.ba\/web\/wp-json\/wp\/v2\/comments?post=66375"}],"version-history":[{"count":1,"href":"https:\/\/www.eft.ba\/web\/wp-json\/wp\/v2\/posts\/66375\/revisions"}],"predecessor-version":[{"id":66377,"href":"https:\/\/www.eft.ba\/web\/wp-json\/wp\/v2\/posts\/66375\/revisions\/66377"}],"wp:featuredmedia":[{"embeddable":true,"href":"https:\/\/www.eft.ba\/web\/wp-json\/wp\/v2\/media\/66376"}],"wp:attachment":[{"href":"https:\/\/www.eft.ba\/web\/wp-json\/wp\/v2\/media?parent=66375"}],"wp:term":[{"taxonomy":"category","embeddable":true,"href":"https:\/\/www.eft.ba\/web\/wp-json\/wp\/v2\/categories?post=66375"},{"taxonomy":"post_tag","embeddable":true,"href":"https:\/\/www.eft.ba\/web\/wp-json\/wp\/v2\/tags?post=66375"}],"curies":[{"name":"wp","href":"https:\/\/api.w.org\/{rel}","templated":true}]}}