{"id":66365,"date":"2020-08-03T12:13:25","date_gmt":"2020-08-03T12:13:25","guid":{"rendered":"https:\/\/www.eft.ba\/web\/?p=66365"},"modified":"2020-08-03T12:15:41","modified_gmt":"2020-08-03T12:15:41","slug":"zasto-izabrati-studijski-smjer-predskolski-odgoj","status":"publish","type":"post","link":"https:\/\/www.eft.ba\/web\/2020\/08\/03\/zasto-izabrati-studijski-smjer-predskolski-odgoj\/","title":{"rendered":"Za\u0161to izabrati studijski smjer Pred\u0161kolski odgoj?"},"content":{"rendered":"<p style=\"text-align: left;\">Kreativni ste i ma\u0161toviti? \u017delite biti kreatori karaktera budu\u0107ih \u201evelikih\u201c ljudi? Volite rad sa djecom?<\/p>\n<ul style=\"text-align: left;\">\n<li>Ako su odgovori na prethodna pitanja da, onda bi studijski smjer pred\u0161kolski odgoj trebao biti va\u0161 izbor!<\/li>\n<\/ul>\n<p style=\"text-align: left;\">Odgajatelj je poziv koji zahtijeva svestranu osobu bogatu mnogim kvalitetima. To su osobe koje u sebi sadr\u017ee osobne, profesionalne i stru\u010dne kompetencije, sposobnosti i motiviranost za rad. Svojom pojavom u o\u010dima djece oni su autoritet kojem se bezuslovno vjeruje. Zato je va\u017eno da odgajatelj voli svoj poziv i predstavlja pozitivan model identifikacije, uzor pona\u0161anja i djelovanja. U vremenskom periodu u kojem djeca idu u vrti\u0107 odgajatelj je me\u0111u najbitnijim osobama u njihovim \u017eivotima. Studenti ovog smjera na Edukacijskom fakultetu stje\u010du kompetencije odgajatelja za 21. vijek. Uz teorijska znanja koja prenose profesori, vrhunski stru\u010dnjaci u svojim oblastima, prakti\u010dna nastava se realizuje u presti\u017enim pred\u0161kolskim institucijama sa kojima Fakultet ima potpisane ugovore.<\/p>\n<ul style=\"text-align: left;\">\n<li>U nastavku mo\u017eete pro\u010ditati izjave na\u0161ih studenata u kojima govore o motivima radi kojih su izabrali ba\u0161 ovaj smjer<\/li>\n<\/ul>\n<p style=\"text-align: left;\">\u201eDjeca su temelj budu\u0107nosti. Oduvijek sam voljela provoditi vrijeme sa djecom, dive\u0107i se koli\u010dini ljubavi i iskrenosti koju nesebi\u010dno pru\u017eaju. Kako bih bila dio dje\u010dijeg odrastanja odlu\u010dila sam upisati Pred\u0161kolski odgoj na Edukacijskom fakultetu.\u201c<\/p>\n<p style=\"text-align: left;\">(Ai\u0161a \u0160ehi\u0107, II godina)<\/p>\n<p style=\"text-align: left;\">\u201eMoja jedina dilema pri odabiru poziva je bila da li biti u\u010diteljica ili odgajateljica. Odgajateljica sam jer je odgajatelj prva osoba koja se susre\u0107e sa djetetom nakon u\u017ee porodice. Put razvoja djeteta trebamo ispuniti kvalitetnim odgojem i obrazovanjem i ja svojim profesionalnim opredjeljenjem \u017eelim da budem dio tog razvojnog puta u kojem \u0107u poticati i usmjeravati njihove prirodne znati\u017eelje, u\u010diti ih kroz \u0161arenilo i igru, a pritome ih poticati da u\u010de i sami.\u201c<\/p>\n<p style=\"text-align: left;\">(D\u017eana Spahija, III godina)<\/p>\n<p style=\"text-align: left;\">&#8220;Rad sa djecom nas nadahnjuje, ispunjava i oplemenjuje. Njihova toplina, privr\u017eenost, odanost \u010dine nas boljim osobama i oni bude ono iskonsko u nama. Upravo iz tih razloga i iznimne ljubavi prema djeci upisala sam Pred\u0161kolski odgoj na Edukacijskom fakultetu u Travniku.\u201c<\/p>\n<p style=\"text-align: left;\">(Ana Grli\u0107, III godina)<\/p>\n\n\t\t<style type=\"text\/css\">\n\t\t\t#gallery-1 {\n\t\t\t\tmargin: auto;\n\t\t\t}\n\t\t\t#gallery-1 .gallery-item {\n\t\t\t\tfloat: left;\n\t\t\t\tmargin-top: 10px;\n\t\t\t\ttext-align: center;\n\t\t\t\twidth: 33%;\n\t\t\t}\n\t\t\t#gallery-1 img {\n\t\t\t\tborder: 2px solid #cfcfcf;\n\t\t\t}\n\t\t\t#gallery-1 .gallery-caption {\n\t\t\t\tmargin-left: 0;\n\t\t\t}\n\t\t\t\/* see gallery_shortcode() in wp-includes\/media.php *\/\n\t\t<\/style>\n\t\t<div id='gallery-1' class='gallery galleryid-66365 gallery-columns-3 gallery-size-thumbnail'><dl class='gallery-item'>\n\t\t\t<dt class='gallery-icon portrait'>\n\t\t\t\t<a data-rel=\"iLightbox[postimages]\" data-title=\"EFT_Predskolski odgoj_flyer\" data-caption=\"\" href='https:\/\/www.eft.ba\/web\/wp-content\/uploads\/2020\/06\/EFT_Predskolski-odgoj_flyer.png'><img width=\"150\" height=\"150\" src=\"https:\/\/www.eft.ba\/web\/wp-content\/uploads\/2020\/06\/EFT_Predskolski-odgoj_flyer-150x150.png\" class=\"attachment-thumbnail size-thumbnail\" alt=\"\" srcset=\"https:\/\/www.eft.ba\/web\/wp-content\/uploads\/2020\/06\/EFT_Predskolski-odgoj_flyer-45x45.png 45w, https:\/\/www.eft.ba\/web\/wp-content\/uploads\/2020\/06\/EFT_Predskolski-odgoj_flyer-66x66.png 66w, https:\/\/www.eft.ba\/web\/wp-content\/uploads\/2020\/06\/EFT_Predskolski-odgoj_flyer-150x150.png 150w\" sizes=\"(max-width: 150px) 100vw, 150px\" \/><\/a>\n\t\t\t<\/dt><\/dl>\n\t\t\t<br style='clear: both' \/>\n\t\t<\/div>\n\n","protected":false},"excerpt":{"rendered":"<p>Kreativni ste i ma\u0161toviti? \u017delite biti kreatori karaktera budu\u0107ih \u201evelikih\u201c ljudi? Volite rad sa djecom? Ako su odgovori na prethodna pitanja da, onda bi studijski smjer pred\u0161kolski odgoj trebao biti va\u0161 izbor! Odgajatelj je poziv koji zahtijeva svestranu osobu bogatu mnogim kvalitetima. To su osobe koje u sebi sadr\u017ee osobne, profesionalne i stru\u010dne kompetencije, sposobnosti [&hellip;]<\/p>\n","protected":false},"author":110,"featured_media":66368,"comment_status":"closed","ping_status":"closed","sticky":false,"template":"","format":"standard","meta":{"ngg_post_thumbnail":0},"categories":[991],"tags":[],"_links":{"self":[{"href":"https:\/\/www.eft.ba\/web\/wp-json\/wp\/v2\/posts\/66365"}],"collection":[{"href":"https:\/\/www.eft.ba\/web\/wp-json\/wp\/v2\/posts"}],"about":[{"href":"https:\/\/www.eft.ba\/web\/wp-json\/wp\/v2\/types\/post"}],"author":[{"embeddable":true,"href":"https:\/\/www.eft.ba\/web\/wp-json\/wp\/v2\/users\/110"}],"replies":[{"embeddable":true,"href":"https:\/\/www.eft.ba\/web\/wp-json\/wp\/v2\/comments?post=66365"}],"version-history":[{"count":1,"href":"https:\/\/www.eft.ba\/web\/wp-json\/wp\/v2\/posts\/66365\/revisions"}],"predecessor-version":[{"id":66367,"href":"https:\/\/www.eft.ba\/web\/wp-json\/wp\/v2\/posts\/66365\/revisions\/66367"}],"wp:featuredmedia":[{"embeddable":true,"href":"https:\/\/www.eft.ba\/web\/wp-json\/wp\/v2\/media\/66368"}],"wp:attachment":[{"href":"https:\/\/www.eft.ba\/web\/wp-json\/wp\/v2\/media?parent=66365"}],"wp:term":[{"taxonomy":"category","embeddable":true,"href":"https:\/\/www.eft.ba\/web\/wp-json\/wp\/v2\/categories?post=66365"},{"taxonomy":"post_tag","embeddable":true,"href":"https:\/\/www.eft.ba\/web\/wp-json\/wp\/v2\/tags?post=66365"}],"curies":[{"name":"wp","href":"https:\/\/api.w.org\/{rel}","templated":true}]}}