{"id":65921,"date":"2020-05-17T17:14:50","date_gmt":"2020-05-17T17:14:50","guid":{"rendered":"https:\/\/www.eft.ba\/web\/?p=65921"},"modified":"2020-05-17T17:14:50","modified_gmt":"2020-05-17T17:14:50","slug":"matematicari-o-online-nastavi","status":"publish","type":"post","link":"https:\/\/www.eft.ba\/web\/2020\/05\/17\/matematicari-o-online-nastavi\/","title":{"rendered":"Matemati\u010dari o online nastavi"},"content":{"rendered":"<p>Posljednji dan InWeek-a Edukacijskog fakulteta obilje\u017een je u duhu matematike. Panel diskusiju pod nazivom \u201eOnline u\u010denje u nastavi matematike\u201c\u00a0 je moderirao mr. Ahmed Pali\u0107, vi\u0161i asistent na Edukacijskom fakultetu u Travniku. Njegovi gosti su bili prof. dr. Sead Re\u0161i\u0107, univerzitetski profesor metodike nastave matematike na Edukacijskom fakultetu UNT i Sabiha Sal\u010din, direktorica Osnovne \u0161kole \u201eMirsad Prnjavorac\u201c Vogo\u0161\u0107a i predsjednica skup\u0161tine Udru\u017eenja direktora osnovnih \u0161kola Kantona Sarajevo.<\/p>\n<p>Predava\u010di, eksperti na podru\u010dju matematike govorili su o situaciji u kojoj se nalazimo i pote\u0161ko\u0107e sa kojima se susrela organizacija online nastave. Dana\u0161nje panel dru\u017eenje je iznjedrilo nekoliko zaklju\u010daka. \u017divu rije\u010d, kako su istakli, ni\u0161ta ne mo\u017ee zamijeniti. Panelisti su se usaglasili da online nastava itekako ima budu\u0107nost te da je samo treba prilagoditi dana\u0161njem vremenu i potrebama u\u010denika.<\/p>\n\n\t\t<style type=\"text\/css\">\n\t\t\t#gallery-1 {\n\t\t\t\tmargin: auto;\n\t\t\t}\n\t\t\t#gallery-1 .gallery-item {\n\t\t\t\tfloat: left;\n\t\t\t\tmargin-top: 10px;\n\t\t\t\ttext-align: center;\n\t\t\t\twidth: 25%;\n\t\t\t}\n\t\t\t#gallery-1 img {\n\t\t\t\tborder: 2px solid #cfcfcf;\n\t\t\t}\n\t\t\t#gallery-1 .gallery-caption {\n\t\t\t\tmargin-left: 0;\n\t\t\t}\n\t\t\t\/* see gallery_shortcode() in wp-includes\/media.php *\/\n\t\t<\/style>\n\t\t<div id='gallery-1' class='gallery galleryid-65921 gallery-columns-4 gallery-size-thumbnail'><dl class='gallery-item'>\n\t\t\t<dt class='gallery-icon landscape'>\n\t\t\t\t<a data-rel=\"iLightbox[postimages]\" data-title=\"Nedjelja_Panel_EFT\" data-caption=\"\" href='https:\/\/www.eft.ba\/web\/wp-content\/uploads\/2020\/05\/Nedjelja_Panel_EFT.jpg'><img width=\"150\" height=\"150\" src=\"https:\/\/www.eft.ba\/web\/wp-content\/uploads\/2020\/05\/Nedjelja_Panel_EFT-150x150.jpg\" class=\"attachment-thumbnail size-thumbnail\" alt=\"\" srcset=\"https:\/\/www.eft.ba\/web\/wp-content\/uploads\/2020\/05\/Nedjelja_Panel_EFT-45x45.jpg 45w, https:\/\/www.eft.ba\/web\/wp-content\/uploads\/2020\/05\/Nedjelja_Panel_EFT-66x66.jpg 66w, https:\/\/www.eft.ba\/web\/wp-content\/uploads\/2020\/05\/Nedjelja_Panel_EFT-150x150.jpg 150w\" sizes=\"(max-width: 150px) 100vw, 150px\" \/><\/a>\n\t\t\t<\/dt><\/dl><dl class='gallery-item'>\n\t\t\t<dt class='gallery-icon landscape'>\n\t\t\t\t<a data-rel=\"iLightbox[postimages]\" data-title=\"media-share-0-02-05-8c678b7372546d93db3ad9b837c2994a824eddcd0f5bf6a153abd2d448b028f1-ef8eb137-d6f2-4bc3-ae85-35c8fa9fc431\" data-caption=\"\" href='https:\/\/www.eft.ba\/web\/wp-content\/uploads\/2020\/05\/media-share-0-02-05-8c678b7372546d93db3ad9b837c2994a824eddcd0f5bf6a153abd2d448b028f1-ef8eb137-d6f2-4bc3-ae85-35c8fa9fc431.jpg'><img width=\"150\" height=\"150\" src=\"https:\/\/www.eft.ba\/web\/wp-content\/uploads\/2020\/05\/media-share-0-02-05-8c678b7372546d93db3ad9b837c2994a824eddcd0f5bf6a153abd2d448b028f1-ef8eb137-d6f2-4bc3-ae85-35c8fa9fc431-150x150.jpg\" class=\"attachment-thumbnail size-thumbnail\" alt=\"\" srcset=\"https:\/\/www.eft.ba\/web\/wp-content\/uploads\/2020\/05\/media-share-0-02-05-8c678b7372546d93db3ad9b837c2994a824eddcd0f5bf6a153abd2d448b028f1-ef8eb137-d6f2-4bc3-ae85-35c8fa9fc431-45x45.jpg 45w, https:\/\/www.eft.ba\/web\/wp-content\/uploads\/2020\/05\/media-share-0-02-05-8c678b7372546d93db3ad9b837c2994a824eddcd0f5bf6a153abd2d448b028f1-ef8eb137-d6f2-4bc3-ae85-35c8fa9fc431-66x66.jpg 66w, https:\/\/www.eft.ba\/web\/wp-content\/uploads\/2020\/05\/media-share-0-02-05-8c678b7372546d93db3ad9b837c2994a824eddcd0f5bf6a153abd2d448b028f1-ef8eb137-d6f2-4bc3-ae85-35c8fa9fc431-150x150.jpg 150w\" sizes=\"(max-width: 150px) 100vw, 150px\" \/><\/a>\n\t\t\t<\/dt><\/dl>\n\t\t\t<br style='clear: both' \/>\n\t\t<\/div>\n\n","protected":false},"excerpt":{"rendered":"<p>Posljednji dan InWeek-a Edukacijskog fakulteta obilje\u017een je u duhu matematike. Panel diskusiju pod nazivom \u201eOnline u\u010denje u nastavi matematike\u201c\u00a0 je moderirao mr. Ahmed Pali\u0107, vi\u0161i asistent na Edukacijskom fakultetu u Travniku. Njegovi gosti su bili prof. dr. Sead Re\u0161i\u0107, univerzitetski profesor metodike nastave matematike na Edukacijskom fakultetu UNT i Sabiha Sal\u010din, direktorica Osnovne \u0161kole \u201eMirsad [&hellip;]<\/p>\n","protected":false},"author":110,"featured_media":65922,"comment_status":"closed","ping_status":"closed","sticky":false,"template":"","format":"standard","meta":{"ngg_post_thumbnail":0},"categories":[981,991,990],"tags":[],"_links":{"self":[{"href":"https:\/\/www.eft.ba\/web\/wp-json\/wp\/v2\/posts\/65921"}],"collection":[{"href":"https:\/\/www.eft.ba\/web\/wp-json\/wp\/v2\/posts"}],"about":[{"href":"https:\/\/www.eft.ba\/web\/wp-json\/wp\/v2\/types\/post"}],"author":[{"embeddable":true,"href":"https:\/\/www.eft.ba\/web\/wp-json\/wp\/v2\/users\/110"}],"replies":[{"embeddable":true,"href":"https:\/\/www.eft.ba\/web\/wp-json\/wp\/v2\/comments?post=65921"}],"version-history":[{"count":1,"href":"https:\/\/www.eft.ba\/web\/wp-json\/wp\/v2\/posts\/65921\/revisions"}],"predecessor-version":[{"id":65924,"href":"https:\/\/www.eft.ba\/web\/wp-json\/wp\/v2\/posts\/65921\/revisions\/65924"}],"wp:featuredmedia":[{"embeddable":true,"href":"https:\/\/www.eft.ba\/web\/wp-json\/wp\/v2\/media\/65922"}],"wp:attachment":[{"href":"https:\/\/www.eft.ba\/web\/wp-json\/wp\/v2\/media?parent=65921"}],"wp:term":[{"taxonomy":"category","embeddable":true,"href":"https:\/\/www.eft.ba\/web\/wp-json\/wp\/v2\/categories?post=65921"},{"taxonomy":"post_tag","embeddable":true,"href":"https:\/\/www.eft.ba\/web\/wp-json\/wp\/v2\/tags?post=65921"}],"curies":[{"name":"wp","href":"https:\/\/api.w.org\/{rel}","templated":true}]}}