{"id":65645,"date":"2020-02-29T11:30:05","date_gmt":"2020-02-29T11:30:05","guid":{"rendered":"https:\/\/www.eft.ba\/web\/?p=65645"},"modified":"2020-02-29T11:30:05","modified_gmt":"2020-02-29T11:30:05","slug":"cestitka-povodom-dana-nezavisnosti-bosne-i-hercegovine","status":"publish","type":"post","link":"https:\/\/www.eft.ba\/web\/2020\/02\/29\/cestitka-povodom-dana-nezavisnosti-bosne-i-hercegovine\/","title":{"rendered":"\u010cestitka povodom Dana nezavisnosti Bosne i Hercegovine"},"content":{"rendered":"<p>Svim gra\u0111anima Bosne Hercegovine upu\u0107ujemo \u010destitke povodom Dana nezavisnosti Bosne i Hercegovine.<\/p>\n<p>Edukacijski fakultet Univerziteta u Travniku<\/p>\n\n\t\t<style type=\"text\/css\">\n\t\t\t#gallery-1 {\n\t\t\t\tmargin: auto;\n\t\t\t}\n\t\t\t#gallery-1 .gallery-item {\n\t\t\t\tfloat: left;\n\t\t\t\tmargin-top: 10px;\n\t\t\t\ttext-align: center;\n\t\t\t\twidth: 33%;\n\t\t\t}\n\t\t\t#gallery-1 img {\n\t\t\t\tborder: 2px solid #cfcfcf;\n\t\t\t}\n\t\t\t#gallery-1 .gallery-caption {\n\t\t\t\tmargin-left: 0;\n\t\t\t}\n\t\t\t\/* see gallery_shortcode() in wp-includes\/media.php *\/\n\t\t<\/style>\n\t\t<div id='gallery-1' class='gallery galleryid-65645 gallery-columns-3 gallery-size-thumbnail'><dl class='gallery-item'>\n\t\t\t<dt class='gallery-icon landscape'>\n\t\t\t\t<a data-rel=\"iLightbox[postimages]\" data-title=\"\u010destitka dan nezavisnosti\" data-caption=\"\" href='https:\/\/www.eft.ba\/web\/wp-content\/uploads\/2020\/02\/\u010destitka-dan-nezavisnosti.png'><img width=\"150\" height=\"150\" src=\"https:\/\/www.eft.ba\/web\/wp-content\/uploads\/2020\/02\/\u010destitka-dan-nezavisnosti-150x150.png\" class=\"attachment-thumbnail size-thumbnail\" alt=\"\" srcset=\"https:\/\/www.eft.ba\/web\/wp-content\/uploads\/2020\/02\/\u010destitka-dan-nezavisnosti-45x45.png 45w, https:\/\/www.eft.ba\/web\/wp-content\/uploads\/2020\/02\/\u010destitka-dan-nezavisnosti-66x66.png 66w, https:\/\/www.eft.ba\/web\/wp-content\/uploads\/2020\/02\/\u010destitka-dan-nezavisnosti-150x150.png 150w, https:\/\/www.eft.ba\/web\/wp-content\/uploads\/2020\/02\/\u010destitka-dan-nezavisnosti-200x200.png 200w, https:\/\/www.eft.ba\/web\/wp-content\/uploads\/2020\/02\/\u010destitka-dan-nezavisnosti-300x300.png 300w, https:\/\/www.eft.ba\/web\/wp-content\/uploads\/2020\/02\/\u010destitka-dan-nezavisnosti-400x399.png 400w, https:\/\/www.eft.ba\/web\/wp-content\/uploads\/2020\/02\/\u010destitka-dan-nezavisnosti-600x599.png 600w, https:\/\/www.eft.ba\/web\/wp-content\/uploads\/2020\/02\/\u010destitka-dan-nezavisnosti.png 619w\" sizes=\"(max-width: 150px) 100vw, 150px\" \/><\/a>\n\t\t\t<\/dt><\/dl>\n\t\t\t<br style='clear: both' \/>\n\t\t<\/div>\n\n","protected":false},"excerpt":{"rendered":"<p>Svim gra\u0111anima Bosne Hercegovine upu\u0107ujemo \u010destitke povodom Dana nezavisnosti Bosne i Hercegovine. Edukacijski fakultet Univerziteta u Travniku<\/p>\n","protected":false},"author":110,"featured_media":65646,"comment_status":"closed","ping_status":"closed","sticky":false,"template":"","format":"standard","meta":{"ngg_post_thumbnail":0},"categories":[991],"tags":[],"_links":{"self":[{"href":"https:\/\/www.eft.ba\/web\/wp-json\/wp\/v2\/posts\/65645"}],"collection":[{"href":"https:\/\/www.eft.ba\/web\/wp-json\/wp\/v2\/posts"}],"about":[{"href":"https:\/\/www.eft.ba\/web\/wp-json\/wp\/v2\/types\/post"}],"author":[{"embeddable":true,"href":"https:\/\/www.eft.ba\/web\/wp-json\/wp\/v2\/users\/110"}],"replies":[{"embeddable":true,"href":"https:\/\/www.eft.ba\/web\/wp-json\/wp\/v2\/comments?post=65645"}],"version-history":[{"count":1,"href":"https:\/\/www.eft.ba\/web\/wp-json\/wp\/v2\/posts\/65645\/revisions"}],"predecessor-version":[{"id":65647,"href":"https:\/\/www.eft.ba\/web\/wp-json\/wp\/v2\/posts\/65645\/revisions\/65647"}],"wp:featuredmedia":[{"embeddable":true,"href":"https:\/\/www.eft.ba\/web\/wp-json\/wp\/v2\/media\/65646"}],"wp:attachment":[{"href":"https:\/\/www.eft.ba\/web\/wp-json\/wp\/v2\/media?parent=65645"}],"wp:term":[{"taxonomy":"category","embeddable":true,"href":"https:\/\/www.eft.ba\/web\/wp-json\/wp\/v2\/categories?post=65645"},{"taxonomy":"post_tag","embeddable":true,"href":"https:\/\/www.eft.ba\/web\/wp-json\/wp\/v2\/tags?post=65645"}],"curies":[{"name":"wp","href":"https:\/\/api.w.org\/{rel}","templated":true}]}}