{"id":64888,"date":"2019-04-27T12:37:02","date_gmt":"2019-04-27T12:37:02","guid":{"rendered":"https:\/\/www.eft.ba\/web\/?p=64888"},"modified":"2019-04-27T12:37:02","modified_gmt":"2019-04-27T12:37:02","slug":"visegodisnja-tradicija-simpozija-timod-se-nastavlja","status":"publish","type":"post","link":"https:\/\/www.eft.ba\/web\/2019\/04\/27\/visegodisnja-tradicija-simpozija-timod-se-nastavlja\/","title":{"rendered":"Vi\u0161egodi\u0161nja tradicija simpozija Timod se nastavlja"},"content":{"rendered":"<p style=\"font-weight: 300\">Drugi dan simpozija Timod 2019 obilje\u017eila su stru\u010dna predavanja, modna revija i takmi\u010denje za u\u010denike srednjih \u0161kola.<\/p>\n<p style=\"font-weight: 300\">\u010cetvrti me\u0111unarodni stru\u010dni simpozij tekstilnog in\u017einjerstva i modnog dizajna, Timod 2019, je u toku. Drugog dana Simpozija, u petak 26. aprila, odr\u017eana su predavanja eminentnih stru\u010dnjaka iz regije, te modna revija \u010diji su kreatori u\u010denici srednje \u0161kole tekstilnog usmjerenja iz Travnika.<\/p>\n<p style=\"font-weight: 300\">Prvo predavanje odr\u017eao je dekan Fakulteta za tehni\u010dke studije Univerziteta u Travniku, prof. dr. Hrustem Smailhod\u017ei\u0107. Tema predavanja prof. Smailhod\u017ei\u0107a bila je \u201eNovi materijali \u2013 tehnika elektroispredanja.<\/p>\n<p style=\"font-weight: 300\">\u0160ejla D\u017eananovi\u0107, mag. ing. hemije, iz kompanije Bosnainspekt d.o.o. iz Sarajeva, odr\u017eala je predavanje na temu \u201eIspitivanje tekstila \u2013 moderni pristup\u201c. \u201eKomunikacija u timu \u2013 \u010detiri profila pona\u0161anja\u201c je tema predavanja g\u0111e Sa\u0161e Einsiedler, komunikologa iz Ljubljane, Republika Slovenija.<\/p>\n<p style=\"font-weight: 300\">U ime sponzora ovogodi\u0161njeg simpozija Timod 2019, kompanije Rigo d.o.o. iz Slovenije, predavanje na temu \u201eInovativni strojevi u industriji tekstila, ko\u017ee i obu\u0107e\u201c odr\u017eao je Sini\u0161a Blagojevi\u0107. Pa\u017enju tokom predavanja posvetio je stanju inovativnosti ma\u0161ina u industriji tekstila, ko\u017ee i obu\u0107e.\u00a0\u00a0O zna\u010daju radne snage i ve\u0107em pristupu na tr\u017ei\u0161tima govorio je Amar Brkan, predstavnik programa USAID iz Sarajeva. Prisutne je upoznao sa grant sredstvima koje Program nudi, kao i na\u010dinom apliciranja za odre\u0111ena sredstva za razli\u010dite projekte.<\/p>\n<p style=\"font-weight: 300\">O zna\u010daju tekstila u budu\u0107nosti, na temu \u201eSvijet tekstila danas \u2013 svijet tekstila sutra\u201c, govorio je uva\u017eeni prof. dr. Andrej Dem\u0161ar, sa Univerziteta u Ljubljani, Fakulteta prirodnih nauka i in\u017einjerstva.\u00a0\u00a0Msc. Leekei Wai Han Tang iz Pariza, Francuska odr\u017eala je stru\u010dno predavanje na temu \u201ePolo\u017eaj i uloga modne industrije Francuske u svijetu\u201c.<\/p>\n<p style=\"font-weight: 300\">Pored stru\u010dnih predavanja, drugi dan Simpozija odr\u017eana je i modna revija \u201eRa\u010dunajte na nas\u201c. Dizajneri su bili u\u010denici Mje\u0161ovite srednje tehni\u010dke \u0161kole iz Travnika.<\/p>\n<p style=\"font-weight: 300\">Va\u017eno je napomenuti da se tradicija takmi\u010denja u\u010denika srednjih \u0161kola tekstilnog i ko\u017earskog usmjerenja nastavlja. Tokom dana odr\u017eano je takmi\u010denje u\u010denika, te s tim u vezi su progla\u0161eni i najbolji u\u010denici. Nagrade za najbolje obezbijedila je kompanija Rigo d.o.o. iz Slovenije, sponzor simpozija.<\/p>\n<p style=\"font-weight: 300\">Kona\u010dni poredak \u0161kola nakon takmi\u010denja je:<\/p>\n<p style=\"font-weight: 300\">\u0160IVENJE<\/p>\n<ol>\n<li style=\"font-weight: 300\">Srednja \u0161kola za tekstil, ko\u017eu i dizajn, Sarajevo<\/li>\n<li style=\"font-weight: 300\">Srednja mje\u0161ovita \u0161kola \u201eMladost\u201c, Zenica<\/li>\n<li style=\"font-weight: 300\">Mje\u0161ovita srednja tehni\u010dka \u0161kola Travnik<\/li>\n<li style=\"font-weight: 300\">Mje\u0161ovita srednja \u0161kola Te\u0161anj<\/li>\n<li style=\"font-weight: 300\">Srednja \u0161kola Pere Ze\u010devi\u0107a, Od\u017eak<\/li>\n<li style=\"font-weight: 300\">\u0160kola \u201eD\u017eemal Bijedi\u0107\u201c, Gora\u017ede<\/li>\n<\/ol>\n<p style=\"font-weight: 300\">KONSTRUKCIJA<\/p>\n<ol>\n<li style=\"font-weight: 300\">Mje\u0161ovita srednja \u0161kola Te\u0161anj<\/li>\n<li style=\"font-weight: 300\">Mje\u0161ovita srednja tehni\u010dka \u0161kola Travnik<\/li>\n<li style=\"font-weight: 300\">Srednja mje\u0161ovita \u0161kola \u201eMladost\u201c, Zenica<\/li>\n<li style=\"font-weight: 300\">Srednja \u0161kola Pere Ze\u010devi\u0107a, Od\u017eak<\/li>\n<li style=\"font-weight: 300\">\u0160kola \u201eD\u017eemal Bijedi\u0107\u201c, Gora\u017ede<\/li>\n<\/ol>\n<p style=\"font-weight: 300\">\n<p style=\"font-weight: 300\">Nakon predavanja i modnih revija gosti Simpozija su imali priliku u\u010destvovati na okruglom stolu \u201eMali koraci za velike promjene\u201c a uvodni\u010dar je bio doc. dr. Samir Pa\u010davar, sa Fakulteta za tehni\u010dke studije Univerziteta u Travniku. Nakon toga, uslijedilo je sumiranje dana i najava sadr\u017eaja tre\u0107eg dana Simpozija.<\/p>\n\n\t\t<style type=\"text\/css\">\n\t\t\t#gallery-1 {\n\t\t\t\tmargin: auto;\n\t\t\t}\n\t\t\t#gallery-1 .gallery-item {\n\t\t\t\tfloat: left;\n\t\t\t\tmargin-top: 10px;\n\t\t\t\ttext-align: center;\n\t\t\t\twidth: 25%;\n\t\t\t}\n\t\t\t#gallery-1 img {\n\t\t\t\tborder: 2px solid #cfcfcf;\n\t\t\t}\n\t\t\t#gallery-1 .gallery-caption {\n\t\t\t\tmargin-left: 0;\n\t\t\t}\n\t\t\t\/* see gallery_shortcode() in wp-includes\/media.php *\/\n\t\t<\/style>\n\t\t<div id='gallery-1' class='gallery galleryid-64888 gallery-columns-4 gallery-size-thumbnail'><dl class='gallery-item'>\n\t\t\t<dt class='gallery-icon landscape'>\n\t\t\t\t<a data-rel=\"iLightbox[postimages]\" data-title=\"TImod_II_dan\" data-caption=\"\" href='https:\/\/www.eft.ba\/web\/wp-content\/uploads\/2019\/04\/TImod_II_dan.jpg'><img width=\"150\" height=\"150\" src=\"https:\/\/www.eft.ba\/web\/wp-content\/uploads\/2019\/04\/TImod_II_dan-150x150.jpg\" class=\"attachment-thumbnail size-thumbnail\" alt=\"\" srcset=\"https:\/\/www.eft.ba\/web\/wp-content\/uploads\/2019\/04\/TImod_II_dan-45x45.jpg 45w, https:\/\/www.eft.ba\/web\/wp-content\/uploads\/2019\/04\/TImod_II_dan-66x66.jpg 66w, https:\/\/www.eft.ba\/web\/wp-content\/uploads\/2019\/04\/TImod_II_dan-150x150.jpg 150w\" sizes=\"(max-width: 150px) 100vw, 150px\" \/><\/a>\n\t\t\t<\/dt><\/dl><dl class='gallery-item'>\n\t\t\t<dt class='gallery-icon landscape'>\n\t\t\t\t<a data-rel=\"iLightbox[postimages]\" data-title=\"TImod_II_dan_1\" data-caption=\"\" href='https:\/\/www.eft.ba\/web\/wp-content\/uploads\/2019\/04\/TImod_II_dan_1.jpg'><img width=\"150\" height=\"150\" src=\"https:\/\/www.eft.ba\/web\/wp-content\/uploads\/2019\/04\/TImod_II_dan_1-150x150.jpg\" class=\"attachment-thumbnail size-thumbnail\" alt=\"\" srcset=\"https:\/\/www.eft.ba\/web\/wp-content\/uploads\/2019\/04\/TImod_II_dan_1-45x45.jpg 45w, https:\/\/www.eft.ba\/web\/wp-content\/uploads\/2019\/04\/TImod_II_dan_1-66x66.jpg 66w, https:\/\/www.eft.ba\/web\/wp-content\/uploads\/2019\/04\/TImod_II_dan_1-150x150.jpg 150w\" sizes=\"(max-width: 150px) 100vw, 150px\" \/><\/a>\n\t\t\t<\/dt><\/dl><dl class='gallery-item'>\n\t\t\t<dt class='gallery-icon landscape'>\n\t\t\t\t<a data-rel=\"iLightbox[postimages]\" data-title=\"TImod_II_dan_2\" data-caption=\"\" href='https:\/\/www.eft.ba\/web\/wp-content\/uploads\/2019\/04\/TImod_II_dan_2.jpg'><img width=\"150\" height=\"150\" src=\"https:\/\/www.eft.ba\/web\/wp-content\/uploads\/2019\/04\/TImod_II_dan_2-150x150.jpg\" class=\"attachment-thumbnail size-thumbnail\" alt=\"\" srcset=\"https:\/\/www.eft.ba\/web\/wp-content\/uploads\/2019\/04\/TImod_II_dan_2-45x45.jpg 45w, https:\/\/www.eft.ba\/web\/wp-content\/uploads\/2019\/04\/TImod_II_dan_2-66x66.jpg 66w, https:\/\/www.eft.ba\/web\/wp-content\/uploads\/2019\/04\/TImod_II_dan_2-150x150.jpg 150w\" sizes=\"(max-width: 150px) 100vw, 150px\" \/><\/a>\n\t\t\t<\/dt><\/dl><dl class='gallery-item'>\n\t\t\t<dt class='gallery-icon landscape'>\n\t\t\t\t<a data-rel=\"iLightbox[postimages]\" data-title=\"TImod_II_dan_modna_revija\" data-caption=\"\" href='https:\/\/www.eft.ba\/web\/wp-content\/uploads\/2019\/04\/TImod_II_dan_modna_revija.jpg'><img width=\"150\" height=\"150\" src=\"https:\/\/www.eft.ba\/web\/wp-content\/uploads\/2019\/04\/TImod_II_dan_modna_revija-150x150.jpg\" class=\"attachment-thumbnail size-thumbnail\" alt=\"\" srcset=\"https:\/\/www.eft.ba\/web\/wp-content\/uploads\/2019\/04\/TImod_II_dan_modna_revija-45x45.jpg 45w, https:\/\/www.eft.ba\/web\/wp-content\/uploads\/2019\/04\/TImod_II_dan_modna_revija-66x66.jpg 66w, https:\/\/www.eft.ba\/web\/wp-content\/uploads\/2019\/04\/TImod_II_dan_modna_revija-150x150.jpg 150w\" sizes=\"(max-width: 150px) 100vw, 150px\" \/><\/a>\n\t\t\t<\/dt><\/dl><br style=\"clear: both\" \/>\n\t\t<\/div>\n\n","protected":false},"excerpt":{"rendered":"<p>Drugi dan simpozija Timod 2019 obilje\u017eila su stru\u010dna predavanja, modna revija i takmi\u010denje za u\u010denike srednjih \u0161kola. \u010cetvrti me\u0111unarodni stru\u010dni simpozij tekstilnog in\u017einjerstva i modnog dizajna, Timod 2019, je u toku. Drugog dana Simpozija, u petak 26. aprila, odr\u017eana su predavanja eminentnih stru\u010dnjaka iz regije, te modna revija \u010diji su kreatori u\u010denici srednje \u0161kole tekstilnog [&hellip;]<\/p>\n","protected":false},"author":118,"featured_media":64892,"comment_status":"closed","ping_status":"closed","sticky":false,"template":"","format":"standard","meta":{"ngg_post_thumbnail":0},"categories":[991],"tags":[],"_links":{"self":[{"href":"https:\/\/www.eft.ba\/web\/wp-json\/wp\/v2\/posts\/64888"}],"collection":[{"href":"https:\/\/www.eft.ba\/web\/wp-json\/wp\/v2\/posts"}],"about":[{"href":"https:\/\/www.eft.ba\/web\/wp-json\/wp\/v2\/types\/post"}],"author":[{"embeddable":true,"href":"https:\/\/www.eft.ba\/web\/wp-json\/wp\/v2\/users\/118"}],"replies":[{"embeddable":true,"href":"https:\/\/www.eft.ba\/web\/wp-json\/wp\/v2\/comments?post=64888"}],"version-history":[{"count":1,"href":"https:\/\/www.eft.ba\/web\/wp-json\/wp\/v2\/posts\/64888\/revisions"}],"predecessor-version":[{"id":64893,"href":"https:\/\/www.eft.ba\/web\/wp-json\/wp\/v2\/posts\/64888\/revisions\/64893"}],"wp:featuredmedia":[{"embeddable":true,"href":"https:\/\/www.eft.ba\/web\/wp-json\/wp\/v2\/media\/64892"}],"wp:attachment":[{"href":"https:\/\/www.eft.ba\/web\/wp-json\/wp\/v2\/media?parent=64888"}],"wp:term":[{"taxonomy":"category","embeddable":true,"href":"https:\/\/www.eft.ba\/web\/wp-json\/wp\/v2\/categories?post=64888"},{"taxonomy":"post_tag","embeddable":true,"href":"https:\/\/www.eft.ba\/web\/wp-json\/wp\/v2\/tags?post=64888"}],"curies":[{"name":"wp","href":"https:\/\/api.w.org\/{rel}","templated":true}]}}