{"id":64851,"date":"2019-04-26T11:48:11","date_gmt":"2019-04-26T11:48:11","guid":{"rendered":"https:\/\/www.eft.ba\/web\/?p=64851"},"modified":"2019-04-26T11:48:11","modified_gmt":"2019-04-26T11:48:11","slug":"svecano-otvoren-timod-2019","status":"publish","type":"post","link":"https:\/\/www.eft.ba\/web\/2019\/04\/26\/svecano-otvoren-timod-2019\/","title":{"rendered":"Sve\u010dano otvoren TImod 2019!"},"content":{"rendered":"<p>\u010cetvrti me\u0111unarodni nau\u010dno\u00a0&#8211;\u00a0stru\u010dni simpozij iz oblasti tekstilnih tehnologija i modnog dizajna\u00a0je sve\u010dano otvoren\u00a0u prostorijama Fakulteta za tehni\u010dke studije Univerziteta u Travniku.\u00a0Timod 2019 je\u00a0ve\u0107 \u010detvrtu godinu zaredom\u00a0mjesto\u00a0okupljanja\u00a0eminentnih nau\u010dnika, istra\u017eiva\u010da i stru\u010dnjaka\u00a0tekstilnih tehnologija i modnog dizajna te je jedinstvena\u00a0prilika za razmjenu me\u0111unarodnih iskustava iz spomenutih oblasti.\u00a0Ovogodi\u0161nja\u00a0trodnevna\u00a0manifestacija obiluje bogatim nau\u010dnim i obrazovnim programom.<\/p>\n<p>Prema protokolu, prvog dana Simpozija odr\u017eano je nekoliko predavanja.\u00a0Naime, prisutnima se obratila Branka Janko, ispred Razvojne agencije \u017dep\u010de, sa posebnim akcentom na obuku i prekvalifikaciju budu\u0107ih kadrova. Osim toga, jedan od stru\u010dnjaka u oblasti tekstila, prof. dr. Andrej Dem\u0161ar, prenio je prisutnima svoja iskustva na predavanju kroz temu \u201eObrazovanje kadrova u tekstilnoj industriji&#8221;. Naposljetku, predstavljen je\u00a0i\u00a0sponzor\u00a0TImod-a 2019\u00a0\u2013 Rigo\u00a0<a name=\"_GoBack\"><\/a>d.o.o Kalnik, kompanija\u00a0za prodaju i servisiranje \u0161iva\u0107ih strojeva\u00a0iz Republike Slovenije.\u00a0U izvrsnoj atmosferi i dobrom raspolo\u017eenju uprili\u010dena je i\u00a0modna revija\u00a0studenata Fakulteta za tehni\u010dke studije, pod nazivom \u201eRad stvara ideju\u201c.\u00a0Revije \u0107e oblilje\u017eiti sva tri dana Simpozija, a svoje umije\u0107e u tom dijelu pokazat \u0107e nam u\u010denici\u00a0Mje\u0161ovite srednje tehni\u010dke \u0161kole Travnik i Srednje \u0161kole za tekstil, ko\u017eu i dizajn Sarajevo.<\/p>\n<p>Kao i prethodnih godina,\u00a0cilj\u00a0simpozija Timod 2019 je odr\u017eavanje\u00a0kontinuiteta stru\u010dnih usavr\u0161avanja kroz stru\u010dni certificirani seminar i ostale planirane\u00a0sadr\u017eaje.<\/p>\n\n\t\t<style type=\"text\/css\">\n\t\t\t#gallery-1 {\n\t\t\t\tmargin: auto;\n\t\t\t}\n\t\t\t#gallery-1 .gallery-item {\n\t\t\t\tfloat: left;\n\t\t\t\tmargin-top: 10px;\n\t\t\t\ttext-align: center;\n\t\t\t\twidth: 25%;\n\t\t\t}\n\t\t\t#gallery-1 img {\n\t\t\t\tborder: 2px solid #cfcfcf;\n\t\t\t}\n\t\t\t#gallery-1 .gallery-caption {\n\t\t\t\tmargin-left: 0;\n\t\t\t}\n\t\t\t\/* see gallery_shortcode() in wp-includes\/media.php *\/\n\t\t<\/style>\n\t\t<div id='gallery-1' class='gallery galleryid-64851 gallery-columns-4 gallery-size-thumbnail'><dl class='gallery-item'>\n\t\t\t<dt class='gallery-icon landscape'>\n\t\t\t\t<a data-rel=\"iLightbox[postimages]\" data-title=\"IMG_7721\" data-caption=\"\" href='https:\/\/www.eft.ba\/web\/wp-content\/uploads\/2019\/04\/IMG_7721-1.jpg'><img width=\"150\" height=\"150\" src=\"https:\/\/www.eft.ba\/web\/wp-content\/uploads\/2019\/04\/IMG_7721-1-150x150.jpg\" class=\"attachment-thumbnail size-thumbnail\" alt=\"\" srcset=\"https:\/\/www.eft.ba\/web\/wp-content\/uploads\/2019\/04\/IMG_7721-1-45x45.jpg 45w, https:\/\/www.eft.ba\/web\/wp-content\/uploads\/2019\/04\/IMG_7721-1-66x66.jpg 66w, https:\/\/www.eft.ba\/web\/wp-content\/uploads\/2019\/04\/IMG_7721-1-150x150.jpg 150w\" sizes=\"(max-width: 150px) 100vw, 150px\" \/><\/a>\n\t\t\t<\/dt><\/dl><dl class='gallery-item'>\n\t\t\t<dt class='gallery-icon landscape'>\n\t\t\t\t<a data-rel=\"iLightbox[postimages]\" data-title=\"IMG_7728\" data-caption=\"\" href='https:\/\/www.eft.ba\/web\/wp-content\/uploads\/2019\/04\/IMG_7728.jpg'><img width=\"150\" height=\"150\" src=\"https:\/\/www.eft.ba\/web\/wp-content\/uploads\/2019\/04\/IMG_7728-150x150.jpg\" class=\"attachment-thumbnail size-thumbnail\" alt=\"\" srcset=\"https:\/\/www.eft.ba\/web\/wp-content\/uploads\/2019\/04\/IMG_7728-45x45.jpg 45w, https:\/\/www.eft.ba\/web\/wp-content\/uploads\/2019\/04\/IMG_7728-66x66.jpg 66w, https:\/\/www.eft.ba\/web\/wp-content\/uploads\/2019\/04\/IMG_7728-150x150.jpg 150w\" sizes=\"(max-width: 150px) 100vw, 150px\" \/><\/a>\n\t\t\t<\/dt><\/dl><dl class='gallery-item'>\n\t\t\t<dt class='gallery-icon landscape'>\n\t\t\t\t<a data-rel=\"iLightbox[postimages]\" data-title=\"IMG_7741\" data-caption=\"\" href='https:\/\/www.eft.ba\/web\/wp-content\/uploads\/2019\/04\/IMG_7741.jpg'><img width=\"150\" height=\"150\" src=\"https:\/\/www.eft.ba\/web\/wp-content\/uploads\/2019\/04\/IMG_7741-150x150.jpg\" class=\"attachment-thumbnail size-thumbnail\" alt=\"\" srcset=\"https:\/\/www.eft.ba\/web\/wp-content\/uploads\/2019\/04\/IMG_7741-45x45.jpg 45w, https:\/\/www.eft.ba\/web\/wp-content\/uploads\/2019\/04\/IMG_7741-66x66.jpg 66w, https:\/\/www.eft.ba\/web\/wp-content\/uploads\/2019\/04\/IMG_7741-150x150.jpg 150w\" sizes=\"(max-width: 150px) 100vw, 150px\" \/><\/a>\n\t\t\t<\/dt><\/dl><dl class='gallery-item'>\n\t\t\t<dt class='gallery-icon landscape'>\n\t\t\t\t<a data-rel=\"iLightbox[postimages]\" data-title=\"IMG_7753\" data-caption=\"\" href='https:\/\/www.eft.ba\/web\/wp-content\/uploads\/2019\/04\/IMG_7753.jpg'><img width=\"150\" height=\"150\" src=\"https:\/\/www.eft.ba\/web\/wp-content\/uploads\/2019\/04\/IMG_7753-150x150.jpg\" class=\"attachment-thumbnail size-thumbnail\" alt=\"\" srcset=\"https:\/\/www.eft.ba\/web\/wp-content\/uploads\/2019\/04\/IMG_7753-45x45.jpg 45w, https:\/\/www.eft.ba\/web\/wp-content\/uploads\/2019\/04\/IMG_7753-66x66.jpg 66w, https:\/\/www.eft.ba\/web\/wp-content\/uploads\/2019\/04\/IMG_7753-150x150.jpg 150w\" sizes=\"(max-width: 150px) 100vw, 150px\" \/><\/a>\n\t\t\t<\/dt><\/dl><br style=\"clear: both\" \/><dl class='gallery-item'>\n\t\t\t<dt class='gallery-icon landscape'>\n\t\t\t\t<a data-rel=\"iLightbox[postimages]\" data-title=\"IMG_7754\" data-caption=\"\" href='https:\/\/www.eft.ba\/web\/wp-content\/uploads\/2019\/04\/IMG_7754.jpg'><img width=\"150\" height=\"150\" src=\"https:\/\/www.eft.ba\/web\/wp-content\/uploads\/2019\/04\/IMG_7754-150x150.jpg\" class=\"attachment-thumbnail size-thumbnail\" alt=\"\" srcset=\"https:\/\/www.eft.ba\/web\/wp-content\/uploads\/2019\/04\/IMG_7754-45x45.jpg 45w, https:\/\/www.eft.ba\/web\/wp-content\/uploads\/2019\/04\/IMG_7754-66x66.jpg 66w, https:\/\/www.eft.ba\/web\/wp-content\/uploads\/2019\/04\/IMG_7754-150x150.jpg 150w\" sizes=\"(max-width: 150px) 100vw, 150px\" \/><\/a>\n\t\t\t<\/dt><\/dl><dl class='gallery-item'>\n\t\t\t<dt class='gallery-icon landscape'>\n\t\t\t\t<a data-rel=\"iLightbox[postimages]\" data-title=\"IMG_7762\" data-caption=\"\" href='https:\/\/www.eft.ba\/web\/wp-content\/uploads\/2019\/04\/IMG_7762.jpg'><img width=\"150\" height=\"150\" src=\"https:\/\/www.eft.ba\/web\/wp-content\/uploads\/2019\/04\/IMG_7762-150x150.jpg\" class=\"attachment-thumbnail size-thumbnail\" alt=\"\" srcset=\"https:\/\/www.eft.ba\/web\/wp-content\/uploads\/2019\/04\/IMG_7762-45x45.jpg 45w, https:\/\/www.eft.ba\/web\/wp-content\/uploads\/2019\/04\/IMG_7762-66x66.jpg 66w, https:\/\/www.eft.ba\/web\/wp-content\/uploads\/2019\/04\/IMG_7762-150x150.jpg 150w\" sizes=\"(max-width: 150px) 100vw, 150px\" \/><\/a>\n\t\t\t<\/dt><\/dl><dl class='gallery-item'>\n\t\t\t<dt class='gallery-icon landscape'>\n\t\t\t\t<a data-rel=\"iLightbox[postimages]\" data-title=\"IMG_7785\" data-caption=\"\" href='https:\/\/www.eft.ba\/web\/wp-content\/uploads\/2019\/04\/IMG_7785.jpg'><img width=\"150\" height=\"150\" src=\"https:\/\/www.eft.ba\/web\/wp-content\/uploads\/2019\/04\/IMG_7785-150x150.jpg\" class=\"attachment-thumbnail size-thumbnail\" alt=\"\" srcset=\"https:\/\/www.eft.ba\/web\/wp-content\/uploads\/2019\/04\/IMG_7785-45x45.jpg 45w, https:\/\/www.eft.ba\/web\/wp-content\/uploads\/2019\/04\/IMG_7785-66x66.jpg 66w, https:\/\/www.eft.ba\/web\/wp-content\/uploads\/2019\/04\/IMG_7785-150x150.jpg 150w\" sizes=\"(max-width: 150px) 100vw, 150px\" \/><\/a>\n\t\t\t<\/dt><\/dl><dl class='gallery-item'>\n\t\t\t<dt class='gallery-icon landscape'>\n\t\t\t\t<a data-rel=\"iLightbox[postimages]\" data-title=\"IMG_7836\" data-caption=\"\" href='https:\/\/www.eft.ba\/web\/wp-content\/uploads\/2019\/04\/IMG_7836.jpg'><img width=\"150\" height=\"150\" src=\"https:\/\/www.eft.ba\/web\/wp-content\/uploads\/2019\/04\/IMG_7836-150x150.jpg\" class=\"attachment-thumbnail size-thumbnail\" alt=\"\" srcset=\"https:\/\/www.eft.ba\/web\/wp-content\/uploads\/2019\/04\/IMG_7836-45x45.jpg 45w, https:\/\/www.eft.ba\/web\/wp-content\/uploads\/2019\/04\/IMG_7836-66x66.jpg 66w, https:\/\/www.eft.ba\/web\/wp-content\/uploads\/2019\/04\/IMG_7836-150x150.jpg 150w\" sizes=\"(max-width: 150px) 100vw, 150px\" \/><\/a>\n\t\t\t<\/dt><\/dl><br style=\"clear: both\" \/><dl class='gallery-item'>\n\t\t\t<dt class='gallery-icon landscape'>\n\t\t\t\t<a data-rel=\"iLightbox[postimages]\" data-title=\"IMG_7842\" data-caption=\"\" href='https:\/\/www.eft.ba\/web\/wp-content\/uploads\/2019\/04\/IMG_7842.jpg'><img width=\"150\" height=\"150\" src=\"https:\/\/www.eft.ba\/web\/wp-content\/uploads\/2019\/04\/IMG_7842-150x150.jpg\" class=\"attachment-thumbnail size-thumbnail\" alt=\"\" srcset=\"https:\/\/www.eft.ba\/web\/wp-content\/uploads\/2019\/04\/IMG_7842-45x45.jpg 45w, https:\/\/www.eft.ba\/web\/wp-content\/uploads\/2019\/04\/IMG_7842-66x66.jpg 66w, https:\/\/www.eft.ba\/web\/wp-content\/uploads\/2019\/04\/IMG_7842-150x150.jpg 150w\" sizes=\"(max-width: 150px) 100vw, 150px\" \/><\/a>\n\t\t\t<\/dt><\/dl>\n\t\t\t<br style='clear: both' \/>\n\t\t<\/div>\n\n","protected":false},"excerpt":{"rendered":"<p>\u010cetvrti me\u0111unarodni nau\u010dno\u00a0&#8211;\u00a0stru\u010dni simpozij iz oblasti tekstilnih tehnologija i modnog dizajna\u00a0je sve\u010dano otvoren\u00a0u prostorijama Fakulteta za tehni\u010dke studije Univerziteta u Travniku.\u00a0Timod 2019 je\u00a0ve\u0107 \u010detvrtu godinu zaredom\u00a0mjesto\u00a0okupljanja\u00a0eminentnih nau\u010dnika, istra\u017eiva\u010da i stru\u010dnjaka\u00a0tekstilnih tehnologija i modnog dizajna te je jedinstvena\u00a0prilika za razmjenu me\u0111unarodnih iskustava iz spomenutih oblasti.\u00a0Ovogodi\u0161nja\u00a0trodnevna\u00a0manifestacija obiluje bogatim nau\u010dnim i obrazovnim programom. Prema protokolu, prvog dana Simpozija [&hellip;]<\/p>\n","protected":false},"author":118,"featured_media":64855,"comment_status":"closed","ping_status":"closed","sticky":false,"template":"","format":"standard","meta":{"ngg_post_thumbnail":0},"categories":[1010,991],"tags":[],"_links":{"self":[{"href":"https:\/\/www.eft.ba\/web\/wp-json\/wp\/v2\/posts\/64851"}],"collection":[{"href":"https:\/\/www.eft.ba\/web\/wp-json\/wp\/v2\/posts"}],"about":[{"href":"https:\/\/www.eft.ba\/web\/wp-json\/wp\/v2\/types\/post"}],"author":[{"embeddable":true,"href":"https:\/\/www.eft.ba\/web\/wp-json\/wp\/v2\/users\/118"}],"replies":[{"embeddable":true,"href":"https:\/\/www.eft.ba\/web\/wp-json\/wp\/v2\/comments?post=64851"}],"version-history":[{"count":1,"href":"https:\/\/www.eft.ba\/web\/wp-json\/wp\/v2\/posts\/64851\/revisions"}],"predecessor-version":[{"id":64863,"href":"https:\/\/www.eft.ba\/web\/wp-json\/wp\/v2\/posts\/64851\/revisions\/64863"}],"wp:featuredmedia":[{"embeddable":true,"href":"https:\/\/www.eft.ba\/web\/wp-json\/wp\/v2\/media\/64855"}],"wp:attachment":[{"href":"https:\/\/www.eft.ba\/web\/wp-json\/wp\/v2\/media?parent=64851"}],"wp:term":[{"taxonomy":"category","embeddable":true,"href":"https:\/\/www.eft.ba\/web\/wp-json\/wp\/v2\/categories?post=64851"},{"taxonomy":"post_tag","embeddable":true,"href":"https:\/\/www.eft.ba\/web\/wp-json\/wp\/v2\/tags?post=64851"}],"curies":[{"name":"wp","href":"https:\/\/api.w.org\/{rel}","templated":true}]}}