{"id":64347,"date":"2019-02-25T15:15:25","date_gmt":"2019-02-25T15:15:25","guid":{"rendered":"https:\/\/www.eft.ba\/web\/?p=64347"},"modified":"2019-02-25T15:16:57","modified_gmt":"2019-02-25T15:16:57","slug":"najava-press-konferencija","status":"publish","type":"post","link":"https:\/\/www.eft.ba\/web\/2019\/02\/25\/najava-press-konferencija\/","title":{"rendered":"Najava: Press konferencija"},"content":{"rendered":"<p>Najava: Press konferencija povodom obilje\u017eavanja \u201eMe\u0111unarodnog dana prevencije vr\u0161nja\u010dkog nasilja\u201c<\/p>\n<p>Milioni mladih ljudi u cijelom svijetu obilje\u017eavaju Me\u0111unarodni dan prevencije vr\u0161nja\u010dkog nasilja \u201eDan ru\u017ei\u010dastih majica (Pink Shirt Day), tako\u0111er poznat i kao \u201eDan borbe protiv\u00a0vr\u0161nja\u010dkog zlostavljanja\u201c(Anti-Bullying Day), a obilje\u017eava se zadnje srijede u februaru. Edukacijski fakultet, Fakultet za tehni\u010dke studije i Mje\u0161ovita srednja ekonomsko-ugostiteljska \u0161kola Travnik zajedno su organizirali nekoliko aktivnosti kojima \u0107e biti obilje\u017een ovaj dan.<br \/>\nPress konferencija na kojoj \u0107e biti prezentirane sve planirane aktivnosti bit \u0107e odr\u017eana u utorak 26.02.2019. u VIP Sali Edukacijskog fakulteta na adresi Aleja konzula 5. sa po\u010detkom u 11:00 sati.<\/p>\n<p>Prisutnim medijima \u0107e se obratiti:<br \/>\nMehrid\u017eana Aliba\u0161i\u0107, direktorica u Mje\u0161ovitoj srednjoj ekonomsko-ugostiteljskoj \u0161koli<br \/>\nTravnik<br \/>\nProf.dr. Hazim Selimovi\u0107, dekan Edukacijskog fakulteta Univerziteta u Travniku<br \/>\nMr. Irmela Mujki\u0107, koordinatorica aktivnosti<\/p>\n","protected":false},"excerpt":{"rendered":"<p>Najava: Press konferencija povodom obilje\u017eavanja \u201eMe\u0111unarodnog dana prevencije vr\u0161nja\u010dkog nasilja\u201c Milioni mladih ljudi u cijelom svijetu obilje\u017eavaju Me\u0111unarodni dan prevencije vr\u0161nja\u010dkog nasilja \u201eDan ru\u017ei\u010dastih majica (Pink Shirt Day), tako\u0111er poznat i kao \u201eDan borbe protiv\u00a0vr\u0161nja\u010dkog zlostavljanja\u201c(Anti-Bullying Day), a obilje\u017eava se zadnje srijede u februaru. Edukacijski fakultet, Fakultet za tehni\u010dke studije i Mje\u0161ovita srednja ekonomsko-ugostiteljska \u0161kola [&hellip;]<\/p>\n","protected":false},"author":118,"featured_media":64319,"comment_status":"closed","ping_status":"closed","sticky":false,"template":"","format":"standard","meta":{"ngg_post_thumbnail":0},"categories":[991],"tags":[],"_links":{"self":[{"href":"https:\/\/www.eft.ba\/web\/wp-json\/wp\/v2\/posts\/64347"}],"collection":[{"href":"https:\/\/www.eft.ba\/web\/wp-json\/wp\/v2\/posts"}],"about":[{"href":"https:\/\/www.eft.ba\/web\/wp-json\/wp\/v2\/types\/post"}],"author":[{"embeddable":true,"href":"https:\/\/www.eft.ba\/web\/wp-json\/wp\/v2\/users\/118"}],"replies":[{"embeddable":true,"href":"https:\/\/www.eft.ba\/web\/wp-json\/wp\/v2\/comments?post=64347"}],"version-history":[{"count":2,"href":"https:\/\/www.eft.ba\/web\/wp-json\/wp\/v2\/posts\/64347\/revisions"}],"predecessor-version":[{"id":64350,"href":"https:\/\/www.eft.ba\/web\/wp-json\/wp\/v2\/posts\/64347\/revisions\/64350"}],"wp:featuredmedia":[{"embeddable":true,"href":"https:\/\/www.eft.ba\/web\/wp-json\/wp\/v2\/media\/64319"}],"wp:attachment":[{"href":"https:\/\/www.eft.ba\/web\/wp-json\/wp\/v2\/media?parent=64347"}],"wp:term":[{"taxonomy":"category","embeddable":true,"href":"https:\/\/www.eft.ba\/web\/wp-json\/wp\/v2\/categories?post=64347"},{"taxonomy":"post_tag","embeddable":true,"href":"https:\/\/www.eft.ba\/web\/wp-json\/wp\/v2\/tags?post=64347"}],"curies":[{"name":"wp","href":"https:\/\/api.w.org\/{rel}","templated":true}]}}