{"id":62846,"date":"2018-09-06T08:45:53","date_gmt":"2018-09-06T08:45:53","guid":{"rendered":"https:\/\/www.eft.ba\/web\/?p=62846"},"modified":"2018-09-06T08:46:12","modified_gmt":"2018-09-06T08:46:12","slug":"training-in-belgium-june-2018","status":"publish","type":"post","link":"https:\/\/www.eft.ba\/web\/2018\/09\/06\/training-in-belgium-june-2018\/","title":{"rendered":"Training in Belgium, June 2018."},"content":{"rendered":"<p><strong><em>TRENING U BELGIJI<\/em><\/strong><\/p>\n<p>&nbsp;<\/p>\n<p>Predstavnice Univerziteta u Travnika u okviru projekta Erasmus+ INCLUSION, Mr. Maja \u0110uri\u0107, Mr. Dijana Ra\u0111o i Amna Tuzovi\u0107 boravile su tri dana na treningu u Belgijim, juni 2018. Cilj je bio ste\u0107i kompetencije u okviru inkluzivnog u\u010denja i podu\u010davanja vezano za izgradnju kapaciteta visokog obrazovanja i izgradnje socijalnih dimenzija za inkluzivne grupe studenata.<\/p>\n<p>Pored ideja za prakti\u010dni trening u sklopu radnog paketa 3 koji se odnosi na razvoj master planova i vodi\u0107a za inkluzivno u\u010denje i podu\u010davanje, parteri projekta imali su priliku da u\u010de i usavr\u0161avaju vje\u0161tine koje im mogu pomo\u0107i u digitalizovanju i lak\u0161em pristupu za obuku nastavnog kadra iz ove oblasti. Ideja je bila da se u danima boravka snime edukativni klipovi prema poglavljima koje su institucije\/partneri prethodno pripremili za inkluzivni vodi\u0107.<\/p>\n<p>Tehni\u010dki i fizi\u010dki resursi na KULeven uz pomo\u0107 partnera Univerziteta UCLL Leuven Belgija bili su potpunosti obezbje\u0111eni, te su pomogli sa obukom i usavr\u0161avanjem na polju pripremanja edukativnih klipova. Ina\u010de, digitalizacija nastavnog procesa u zemljama EU postaje sve popularnija, tako da je tim Edukacijskog fakulteta, Univerziteta u Travniku u potpunosti u\u017eivao u u\u010denju i kreativnom radu koji je pomogao pobolj\u0161anju preformansi u budu\u0107em napretku inkluzivnog nastavnog procesa.<\/p>\n<p>&nbsp;<\/p>\n<p><strong><em>TRAINING IN BELGIUM<\/em><\/strong><\/p>\n<p>&nbsp;<\/p>\n<p>Representatives of the University of Travnik within the Erasmus + INCLUSION project, Mr. Maja \u0110uri\u0107, Mr. Dijana Ra\u0111o and Amna Tuzovi\u0107 spent three days in training in Belgium in June 2018. The main goal was to acquire competences within inclusive learning and teaching related to the capacity building in higher education and building social dimensions for inclusive group of students.<\/p>\n<p>In addition to the idea of \u200b\u200bpractical training within Work Package 3, which refers to the development of master plans and guideliness for inclusive learning and teaching, project participants have had the opportunity to learn and develop skills that can help them in digitization and easier access to teaching staff from this authorities. The idea was to record educational videos in the days of the sessions according to the chapters previously prepared by the institutions\/partners for the Inclusive learning and teaching guideliness.<\/p>\n<p>Technical and physical resources at KULeven, with the help of partner UCLL Leuven Belgium, were fully provided and assisted in the preparation of educational clips. Otherwise, digitization of the teaching process in the EU countries is becoming more popular, so the Faculty of Education-University of Travnik has completely enjoyed learning and creative work that has helped to improve the performance in the future progress of the inclusive teaching process.<\/p>\n\n\t\t<style type=\"text\/css\">\n\t\t\t#gallery-1 {\n\t\t\t\tmargin: auto;\n\t\t\t}\n\t\t\t#gallery-1 .gallery-item {\n\t\t\t\tfloat: left;\n\t\t\t\tmargin-top: 10px;\n\t\t\t\ttext-align: center;\n\t\t\t\twidth: 33%;\n\t\t\t}\n\t\t\t#gallery-1 img {\n\t\t\t\tborder: 2px solid #cfcfcf;\n\t\t\t}\n\t\t\t#gallery-1 .gallery-caption {\n\t\t\t\tmargin-left: 0;\n\t\t\t}\n\t\t\t\/* see gallery_shortcode() in wp-includes\/media.php *\/\n\t\t<\/style>\n\t\t<div id='gallery-1' class='gallery galleryid-62846 gallery-columns-3 gallery-size-thumbnail'><dl class='gallery-item'>\n\t\t\t<dt class='gallery-icon landscape'>\n\t\t\t\t<a data-rel=\"iLightbox[postimages]\" data-title=\"20180627_100838 (1)\" data-caption=\"\" href='https:\/\/www.eft.ba\/web\/wp-content\/uploads\/2018\/09\/20180627_100838-1.jpg'><img width=\"150\" height=\"150\" src=\"https:\/\/www.eft.ba\/web\/wp-content\/uploads\/2018\/09\/20180627_100838-1-150x150.jpg\" class=\"attachment-thumbnail size-thumbnail\" alt=\"\" srcset=\"https:\/\/www.eft.ba\/web\/wp-content\/uploads\/2018\/09\/20180627_100838-1-45x45.jpg 45w, https:\/\/www.eft.ba\/web\/wp-content\/uploads\/2018\/09\/20180627_100838-1-66x66.jpg 66w, https:\/\/www.eft.ba\/web\/wp-content\/uploads\/2018\/09\/20180627_100838-1-150x150.jpg 150w\" sizes=\"(max-width: 150px) 100vw, 150px\" \/><\/a>\n\t\t\t<\/dt><\/dl><dl class='gallery-item'>\n\t\t\t<dt class='gallery-icon landscape'>\n\t\t\t\t<a data-rel=\"iLightbox[postimages]\" data-title=\"20180627_153725\" data-caption=\"\" href='https:\/\/www.eft.ba\/web\/wp-content\/uploads\/2018\/09\/20180627_153725-e1536223629221.jpg'><img width=\"150\" height=\"150\" src=\"https:\/\/www.eft.ba\/web\/wp-content\/uploads\/2018\/09\/20180627_153725-e1536223629221-150x150.jpg\" class=\"attachment-thumbnail size-thumbnail\" alt=\"\" srcset=\"https:\/\/www.eft.ba\/web\/wp-content\/uploads\/2018\/09\/20180627_153725-e1536223629221-45x45.jpg 45w, https:\/\/www.eft.ba\/web\/wp-content\/uploads\/2018\/09\/20180627_153725-e1536223629221-66x66.jpg 66w, https:\/\/www.eft.ba\/web\/wp-content\/uploads\/2018\/09\/20180627_153725-e1536223629221-150x150.jpg 150w\" sizes=\"(max-width: 150px) 100vw, 150px\" \/><\/a>\n\t\t\t<\/dt><\/dl><dl class='gallery-item'>\n\t\t\t<dt class='gallery-icon landscape'>\n\t\t\t\t<a data-rel=\"iLightbox[postimages]\" data-title=\"20180628_113634\" data-caption=\"\" href='https:\/\/www.eft.ba\/web\/wp-content\/uploads\/2018\/09\/20180628_113634.jpg'><img width=\"150\" height=\"150\" src=\"https:\/\/www.eft.ba\/web\/wp-content\/uploads\/2018\/09\/20180628_113634-150x150.jpg\" class=\"attachment-thumbnail size-thumbnail\" alt=\"\" srcset=\"https:\/\/www.eft.ba\/web\/wp-content\/uploads\/2018\/09\/20180628_113634-45x45.jpg 45w, https:\/\/www.eft.ba\/web\/wp-content\/uploads\/2018\/09\/20180628_113634-66x66.jpg 66w, https:\/\/www.eft.ba\/web\/wp-content\/uploads\/2018\/09\/20180628_113634-150x150.jpg 150w\" sizes=\"(max-width: 150px) 100vw, 150px\" \/><\/a>\n\t\t\t<\/dt><\/dl><br style=\"clear: both\" \/><dl class='gallery-item'>\n\t\t\t<dt class='gallery-icon landscape'>\n\t\t\t\t<a data-rel=\"iLightbox[postimages]\" data-title=\"20180628_114720\" data-caption=\"\" href='https:\/\/www.eft.ba\/web\/wp-content\/uploads\/2018\/09\/20180628_114720-e1536223612598.jpg'><img width=\"150\" height=\"150\" src=\"https:\/\/www.eft.ba\/web\/wp-content\/uploads\/2018\/09\/20180628_114720-e1536223612598-150x150.jpg\" class=\"attachment-thumbnail size-thumbnail\" alt=\"\" srcset=\"https:\/\/www.eft.ba\/web\/wp-content\/uploads\/2018\/09\/20180628_114720-e1536223612598-45x45.jpg 45w, https:\/\/www.eft.ba\/web\/wp-content\/uploads\/2018\/09\/20180628_114720-e1536223612598-66x66.jpg 66w, https:\/\/www.eft.ba\/web\/wp-content\/uploads\/2018\/09\/20180628_114720-e1536223612598-150x150.jpg 150w\" sizes=\"(max-width: 150px) 100vw, 150px\" \/><\/a>\n\t\t\t<\/dt><\/dl>\n\t\t\t<br style='clear: both' \/>\n\t\t<\/div>\n\n","protected":false},"excerpt":{"rendered":"<p>TRENING U BELGIJI &nbsp; Predstavnice Univerziteta u Travnika u okviru projekta Erasmus+ INCLUSION, Mr. Maja \u0110uri\u0107, Mr. Dijana Ra\u0111o i Amna Tuzovi\u0107 boravile su tri dana na treningu u Belgijim, juni 2018. Cilj je bio ste\u0107i kompetencije u okviru inkluzivnog u\u010denja i podu\u010davanja vezano za izgradnju kapaciteta visokog obrazovanja i izgradnje socijalnih dimenzija za inkluzivne [&hellip;]<\/p>\n","protected":false},"author":1,"featured_media":62847,"comment_status":"closed","ping_status":"closed","sticky":false,"template":"","format":"standard","meta":{"ngg_post_thumbnail":0},"categories":[989],"tags":[],"_links":{"self":[{"href":"https:\/\/www.eft.ba\/web\/wp-json\/wp\/v2\/posts\/62846"}],"collection":[{"href":"https:\/\/www.eft.ba\/web\/wp-json\/wp\/v2\/posts"}],"about":[{"href":"https:\/\/www.eft.ba\/web\/wp-json\/wp\/v2\/types\/post"}],"author":[{"embeddable":true,"href":"https:\/\/www.eft.ba\/web\/wp-json\/wp\/v2\/users\/1"}],"replies":[{"embeddable":true,"href":"https:\/\/www.eft.ba\/web\/wp-json\/wp\/v2\/comments?post=62846"}],"version-history":[{"count":1,"href":"https:\/\/www.eft.ba\/web\/wp-json\/wp\/v2\/posts\/62846\/revisions"}],"predecessor-version":[{"id":62851,"href":"https:\/\/www.eft.ba\/web\/wp-json\/wp\/v2\/posts\/62846\/revisions\/62851"}],"wp:featuredmedia":[{"embeddable":true,"href":"https:\/\/www.eft.ba\/web\/wp-json\/wp\/v2\/media\/62847"}],"wp:attachment":[{"href":"https:\/\/www.eft.ba\/web\/wp-json\/wp\/v2\/media?parent=62846"}],"wp:term":[{"taxonomy":"category","embeddable":true,"href":"https:\/\/www.eft.ba\/web\/wp-json\/wp\/v2\/categories?post=62846"},{"taxonomy":"post_tag","embeddable":true,"href":"https:\/\/www.eft.ba\/web\/wp-json\/wp\/v2\/tags?post=62846"}],"curies":[{"name":"wp","href":"https:\/\/api.w.org\/{rel}","templated":true}]}}