{"id":61438,"date":"2018-04-06T12:42:22","date_gmt":"2018-04-06T12:42:22","guid":{"rendered":"http:\/\/www.eft.ba\/web\/?p=61438"},"modified":"2018-04-06T12:42:22","modified_gmt":"2018-04-06T12:42:22","slug":"obiljezen-21-februar-medjunarodni-dan-maternjeg-jezika-2","status":"publish","type":"post","link":"https:\/\/www.eft.ba\/web\/2018\/04\/06\/obiljezen-21-februar-medjunarodni-dan-maternjeg-jezika-2\/","title":{"rendered":"Obilje\u017een 21. februar \u2013 Me\u0111unarodni dan maternjeg jezika"},"content":{"rendered":"<p>Novinarke studentskog \u010dasopisa GRAFX, izradom panoa i postavljanjem na ulazu u Konferencijsku salu Edukacijskog fakulteta, obilje\u017eile su 21. februar \u2013 Me\u0111unardoni dan maternjeg jezika. Ovom prigodom studentima je omogu\u0107eno upoznavanje sa \u010dinjenicama vezanim za njihov maternji jezik a koje do tada mo\u017eda nisu znali. Interesantnost ove aktivnosti ogleda se i u \u010dinjenici da su studenti na svoju inicijativu pokrenuli obilje\u017eavanje ovog dana \u0161to ukazuje na njegov zna\u010daj.<\/p>\n","protected":false},"excerpt":{"rendered":"<p>Novinarke studentskog \u010dasopisa GRAFX, izradom panoa i postavljanjem na ulazu u Konferencijsku salu Edukacijskog fakulteta, obilje\u017eile su 21. februar \u2013 Me\u0111unardoni dan maternjeg jezika. Ovom prigodom studentima je omogu\u0107eno upoznavanje sa \u010dinjenicama vezanim za njihov maternji jezik a koje do tada mo\u017eda nisu znali. Interesantnost ove aktivnosti ogleda se i u \u010dinjenici da su studenti [&hellip;]<\/p>\n","protected":false},"author":1,"featured_media":61439,"comment_status":"closed","ping_status":"open","sticky":false,"template":"","format":"standard","meta":{"ngg_post_thumbnail":0},"categories":[1009],"tags":[],"_links":{"self":[{"href":"https:\/\/www.eft.ba\/web\/wp-json\/wp\/v2\/posts\/61438"}],"collection":[{"href":"https:\/\/www.eft.ba\/web\/wp-json\/wp\/v2\/posts"}],"about":[{"href":"https:\/\/www.eft.ba\/web\/wp-json\/wp\/v2\/types\/post"}],"author":[{"embeddable":true,"href":"https:\/\/www.eft.ba\/web\/wp-json\/wp\/v2\/users\/1"}],"replies":[{"embeddable":true,"href":"https:\/\/www.eft.ba\/web\/wp-json\/wp\/v2\/comments?post=61438"}],"version-history":[{"count":1,"href":"https:\/\/www.eft.ba\/web\/wp-json\/wp\/v2\/posts\/61438\/revisions"}],"predecessor-version":[{"id":61440,"href":"https:\/\/www.eft.ba\/web\/wp-json\/wp\/v2\/posts\/61438\/revisions\/61440"}],"wp:featuredmedia":[{"embeddable":true,"href":"https:\/\/www.eft.ba\/web\/wp-json\/wp\/v2\/media\/61439"}],"wp:attachment":[{"href":"https:\/\/www.eft.ba\/web\/wp-json\/wp\/v2\/media?parent=61438"}],"wp:term":[{"taxonomy":"category","embeddable":true,"href":"https:\/\/www.eft.ba\/web\/wp-json\/wp\/v2\/categories?post=61438"},{"taxonomy":"post_tag","embeddable":true,"href":"https:\/\/www.eft.ba\/web\/wp-json\/wp\/v2\/tags?post=61438"}],"curies":[{"name":"wp","href":"https:\/\/api.w.org\/{rel}","templated":true}]}}