{"id":61435,"date":"2018-04-06T12:37:52","date_gmt":"2018-04-06T12:37:52","guid":{"rendered":"http:\/\/www.eft.ba\/web\/?p=61435"},"modified":"2018-04-06T12:37:52","modified_gmt":"2018-04-06T12:37:52","slug":"obiljezen-dan-broja-%cf%80-pi-i-rodjendan-alberta-einsteina","status":"publish","type":"post","link":"https:\/\/www.eft.ba\/web\/2018\/04\/06\/obiljezen-dan-broja-%cf%80-pi-i-rodjendan-alberta-einsteina\/","title":{"rendered":"Obilje\u017een Dan broja \u03c0 (PI) i ro\u0111endan Alberta Einsteina"},"content":{"rendered":"<p>U organizaciji Kluba matemati\u010dara Edukacijskog fakulteta i Fakulteta za tehni\u010dke studije 14.03.2018. godine sa po\u010detkom u 12 sati obilje\u017een je Dan broja \u03c0 i ro\u0111endan Alberta Einsteina.<\/p>\n<p>Doga\u0111aj su svojim prisustvom uveli\u010dali u\u010denici Mje\u0161ovite srednje \u0161kole \u201eTravik\u201c, Mje\u0161ovite srednje tehni\u010dke \u0161kole Travnik i \u010dlanovi Mre\u017ee studenata Edukacijskog fakulteta i Fakulteta za tehni\u010dke studije.<\/p>\n<p>Na samome po\u010detku prisutnima se obratila doc. dr. Amra Tuzovi\u0107, menad\u017eerica za osiguranje kvaliteta Univerziteta u Travniku, koja je po\u017eeljela dobrodo\u0161licu i izrazila zadovoljstvo zbog organizacije ovakve aktivnosti. Tako\u0111er je istakla da aktivnosti poput ove doprinose boga\u0107enju znanja na polju matematike i fizike.<\/p>\n<p>Nakon pozdravnog obra\u0107anja koordinatori ove aktivnosti, Lejla Skopljak, BA i Ahmed Pali\u0107, BA prisutne su upoznali sa osnovnim informacijama o broju \u03c0 i iznijeli zanimljive \u010dinjenice iz \u017eivota Alberta Einsteina.<\/p>\n<p>Zatim je uslijedilo takmi\u010denje gdje je u\u010denicima data prilika da poka\u017eu svoje sposobnosti u zapam\u0107ivanju \u0161to vi\u0161e decimala vrijednosti broja \u03c0. Pobjednica takmi\u010denja je u\u010denica MS\u0160 \u201eTravnik\u201c Esma Skrobo.<\/p>\n<p>Na samom kraju uslijedio je slatki dio gdje su studenti i srednjo\u0161kolci u\u017eivali uz slatki\u0161e i ro\u0111endansku tortu Alberta Einsteina.<\/p>\n","protected":false},"excerpt":{"rendered":"<p>U organizaciji Kluba matemati\u010dara Edukacijskog fakulteta i Fakulteta za tehni\u010dke studije 14.03.2018. godine sa po\u010detkom u 12 sati obilje\u017een je Dan broja \u03c0 i ro\u0111endan Alberta Einsteina. Doga\u0111aj su svojim prisustvom uveli\u010dali u\u010denici Mje\u0161ovite srednje \u0161kole \u201eTravik\u201c, Mje\u0161ovite srednje tehni\u010dke \u0161kole Travnik i \u010dlanovi Mre\u017ee studenata Edukacijskog fakulteta i Fakulteta za tehni\u010dke studije. Na samome [&hellip;]<\/p>\n","protected":false},"author":1,"featured_media":61413,"comment_status":"closed","ping_status":"open","sticky":false,"template":"","format":"standard","meta":{"ngg_post_thumbnail":0},"categories":[1009],"tags":[],"_links":{"self":[{"href":"https:\/\/www.eft.ba\/web\/wp-json\/wp\/v2\/posts\/61435"}],"collection":[{"href":"https:\/\/www.eft.ba\/web\/wp-json\/wp\/v2\/posts"}],"about":[{"href":"https:\/\/www.eft.ba\/web\/wp-json\/wp\/v2\/types\/post"}],"author":[{"embeddable":true,"href":"https:\/\/www.eft.ba\/web\/wp-json\/wp\/v2\/users\/1"}],"replies":[{"embeddable":true,"href":"https:\/\/www.eft.ba\/web\/wp-json\/wp\/v2\/comments?post=61435"}],"version-history":[{"count":1,"href":"https:\/\/www.eft.ba\/web\/wp-json\/wp\/v2\/posts\/61435\/revisions"}],"predecessor-version":[{"id":61436,"href":"https:\/\/www.eft.ba\/web\/wp-json\/wp\/v2\/posts\/61435\/revisions\/61436"}],"wp:featuredmedia":[{"embeddable":true,"href":"https:\/\/www.eft.ba\/web\/wp-json\/wp\/v2\/media\/61413"}],"wp:attachment":[{"href":"https:\/\/www.eft.ba\/web\/wp-json\/wp\/v2\/media?parent=61435"}],"wp:term":[{"taxonomy":"category","embeddable":true,"href":"https:\/\/www.eft.ba\/web\/wp-json\/wp\/v2\/categories?post=61435"},{"taxonomy":"post_tag","embeddable":true,"href":"https:\/\/www.eft.ba\/web\/wp-json\/wp\/v2\/tags?post=61435"}],"curies":[{"name":"wp","href":"https:\/\/api.w.org\/{rel}","templated":true}]}}