{"id":61426,"date":"2018-04-06T12:33:32","date_gmt":"2018-04-06T12:33:32","guid":{"rendered":"http:\/\/www.eft.ba\/web\/?p=61426"},"modified":"2018-04-06T12:33:32","modified_gmt":"2018-04-06T12:33:32","slug":"okrugli-sto-zasto-volontirati-edukuj-i-ukljuci-se-uspjesno-realiziran-2","status":"publish","type":"post","link":"https:\/\/www.eft.ba\/web\/2018\/04\/06\/okrugli-sto-zasto-volontirati-edukuj-i-ukljuci-se-uspjesno-realiziran-2\/","title":{"rendered":"Okrugli sto \u201cZa\u0161to volontirati? Edukuj i uklju\u010di se!\u201d uspje\u0161no realiziran"},"content":{"rendered":"<div class=\"post-content\">\n<p>Ju\u010der je u gotovo punoj konferencijskoj sali Edukacijskog fakulteta odr\u017ean okrugli sto na temu \u201eZa\u0161to volontirati? Edukuj i uklju\u010di se\u201c. Okrugli sto je projektna aktivnost Asocijacije studenata Edukacijskog fakulteta i Fakulteta za tehni\u010dke studije Univerziteta u Travniku koja se realizira u okviru krovnog projekta obilje\u017eavanja Dana op\u0107ine Travnik 2018.<\/p>\n<p>Cilj ovoga projekta bio je pribli\u017eiti i predstaviti mladima volontiranje kao dio dru\u0161tveno korisnoga rad te im ukazati na benefite koji se ostvaruju volontiranjem. Zanimljivi u\u010desnici, na osnovu svoga dugogodi\u0161njeg iskustva, ponudili su bogat sadr\u017eaj teme i ukazali na primjere dobre prakse \u0161to je izazvalo pozitivne reakcije me\u0111u srednjo\u0161kolcima, studentima i ostalim gostima.<\/p>\n<p>Na samome po\u010detku prisutne je pozdravio dekan Edukacijskog fakulteta prof. dr. Hazim Selimovi\u0107 koji je izrazio zadovoljstvo aktivnostima studenata te ukazao na dobru saradnju Edukacijskog fakulteta sa lokalnom zajednicom.<\/p>\n<p>O aktivnostima studenata okupljenim pod simboli\u010dnim nazivom Mre\u017ea studenata vi\u0161e je kazala predsjednica Mre\u017ee, studentica \u0160ejla Smaji\u0107 istakav\u0161i da je misija Mre\u017ee postati sinonim za organizaciju studenata koja targetira uspje\u0161ne, izvrsne i najbolje u Mre\u017eu i stvara okru\u017eenje za izgradnju studentskih karijera i brine se za njihovu budu\u0107nost.<\/p>\n<p>U izuzetno opu\u0161tenoj atmosferi moderatorice okruglog stola Ned\u017ela Kadi\u0107 i Ivona Mato\u0161evi\u0107, uz brojna pitanja, vodile su i usmjeravale diskusiju kako bismo dobili valjane odgovore na sva ona pitanja na koja smo tra\u017eili odgovore.<\/p>\n<p>Brojni srednjo\u0161kolci sa podru\u010dja op\u0107ine Travnik, kao i studenti imali su priliku da u otvorenom dijalogu sa Rismirom Kraji\u0161nikom \u2013 PR-om CEM-a, Renatom Ignji\u0107 \u2013 projektnom koordinatoricom u CEM-u, Amelom Had\u017eijusufovi\u0107 \u2013 sekretarom u MS\u0160 Travnik i volonterkom sa dugogodi\u0161njim iskustvom, Ditom Bajrami Vrbanjac \u2013 profesoricom engleskog jezika u MSEU\u0160 Travnik i inicijatorom i u\u010desnikom brojnih aktivnosti, Erikom Had\u017eimahmutovi\u0107 \u2013 volonterkom u CEM-u, \u0160ejlom Smaji\u0107 \u2013 volonterkom i predsjednicom Mre\u017ee studenata EFT i FTS i Zejnom Mujki\u0107 \u2013 predsjednicom Vije\u0107a u\u010denika MSEU\u0160 iz Travnika, iznesu vlastita promi\u0161ljanja, ali i zatra\u017ee odgovore na mnoga va\u017ena pitanja vezana za volontiranje, prednosti volontiranja kao i kompetencije koje mogu ste\u0107i.<\/p>\n<p>Studenti Edukacijskog fakulteta i Fakulteta za tehni\u010dke studije su na ova dva fakulteta proveli istra\u017eivanje o tome da li studenti volontiraju, koliko su informisani o volontiranju i da li im se volontiranje pokazalo korisnim, a rezultate anketiranja iznijela je studentica Erika Had\u017eimahmutovi\u0107.<\/p>\n<p>Po zavr\u0161etku diskusije, gostima se obratila doc. dr. Amra Tuzovi\u0107, menad\u017eerica za osiguranje kvaliteta visokog obrazovanja Univerziteta u Travniku istakav\u0161i vrijednosti volontiranja koje se svakodnevno mogu ste\u0107i, na bilo kojem mjestu, te ukazav\u0161i na va\u017enost i zna\u010daj formiranja tima volontera koji bi uklju\u010dio srednjo\u0161kolce i studente.<\/p>\n<p>Dodjelom zahvalnica za u\u010de\u0161\u0107e zatvoren je okrugli sto uz brojne pozitivne komentare i pohvale. Jedno je sigurno, da je ova aktivnost iznudila toliko dobrih ideja, prijedloga i sugestija koje \u0107e, nadamo se, nai\u0107i na podsticaj kod mladih ljudi kako bi se pri\u010da o volontiranju prezentovala na pravi na\u010din.<\/p>\n<\/div>\n","protected":false},"excerpt":{"rendered":"<p>Ju\u010der je u gotovo punoj konferencijskoj sali Edukacijskog fakulteta odr\u017ean okrugli sto na temu \u201eZa\u0161to volontirati? Edukuj i uklju\u010di se\u201c. Okrugli sto je projektna aktivnost Asocijacije studenata Edukacijskog fakulteta i Fakulteta za tehni\u010dke studije Univerziteta u Travniku koja se realizira u okviru krovnog projekta obilje\u017eavanja Dana op\u0107ine Travnik 2018. Cilj ovoga projekta bio je pribli\u017eiti [&hellip;]<\/p>\n","protected":false},"author":1,"featured_media":61428,"comment_status":"closed","ping_status":"open","sticky":false,"template":"","format":"standard","meta":{"ngg_post_thumbnail":0},"categories":[1009],"tags":[],"_links":{"self":[{"href":"https:\/\/www.eft.ba\/web\/wp-json\/wp\/v2\/posts\/61426"}],"collection":[{"href":"https:\/\/www.eft.ba\/web\/wp-json\/wp\/v2\/posts"}],"about":[{"href":"https:\/\/www.eft.ba\/web\/wp-json\/wp\/v2\/types\/post"}],"author":[{"embeddable":true,"href":"https:\/\/www.eft.ba\/web\/wp-json\/wp\/v2\/users\/1"}],"replies":[{"embeddable":true,"href":"https:\/\/www.eft.ba\/web\/wp-json\/wp\/v2\/comments?post=61426"}],"version-history":[{"count":1,"href":"https:\/\/www.eft.ba\/web\/wp-json\/wp\/v2\/posts\/61426\/revisions"}],"predecessor-version":[{"id":61429,"href":"https:\/\/www.eft.ba\/web\/wp-json\/wp\/v2\/posts\/61426\/revisions\/61429"}],"wp:featuredmedia":[{"embeddable":true,"href":"https:\/\/www.eft.ba\/web\/wp-json\/wp\/v2\/media\/61428"}],"wp:attachment":[{"href":"https:\/\/www.eft.ba\/web\/wp-json\/wp\/v2\/media?parent=61426"}],"wp:term":[{"taxonomy":"category","embeddable":true,"href":"https:\/\/www.eft.ba\/web\/wp-json\/wp\/v2\/categories?post=61426"},{"taxonomy":"post_tag","embeddable":true,"href":"https:\/\/www.eft.ba\/web\/wp-json\/wp\/v2\/tags?post=61426"}],"curies":[{"name":"wp","href":"https:\/\/api.w.org\/{rel}","templated":true}]}}