{"id":61424,"date":"2018-04-06T12:30:28","date_gmt":"2018-04-06T12:30:28","guid":{"rendered":"http:\/\/www.eft.ba\/web\/?p=61424"},"modified":"2018-04-06T12:30:28","modified_gmt":"2018-04-06T12:30:28","slug":"nasi-projekti-u-okviru-dana-opcine-travnik-2018-2","status":"publish","type":"post","link":"https:\/\/www.eft.ba\/web\/2018\/04\/06\/nasi-projekti-u-okviru-dana-opcine-travnik-2018-2\/","title":{"rendered":"Na\u0161i projekti u okviru Dana op\u0107ine Travnik 2018"},"content":{"rendered":"<p>Na\u0161i projekti u okviru odr\u017eavanja manifestacije Dani op\u0107ine Travnik 2018 su:<\/p>\n<p>&nbsp;<\/p>\n<table>\n<tbody>\n<tr>\n<td>NAZIV AKTIVNOSTI<\/td>\n<td>MJESTO ODR\u017dAVANJA<\/td>\n<td>DATUM<\/td>\n<td>TERMIN ODR\u017dAVANJA<\/td>\n<td>REALIZATOR<\/td>\n<\/tr>\n<tr>\n<td><strong>Gostuju\u0107e predavanje: \u201eU svijetu ilustracije i karakter dizajna\u201c<\/strong><\/td>\n<td>Fakultet za tehni\u010dke studije<\/td>\n<td>15.03.2018.<\/td>\n<td>17:00 sati<\/td>\n<td>Fakultet za tehni\u010dke studije<\/td>\n<\/tr>\n<tr>\n<td><strong>Okrugli stol \u201eZa\u0161to volontirati? Edukuj i uklju\u010di se!\u201c<\/strong><\/td>\n<td>Edukacijski fakultet<\/td>\n<td>16.03.2018.<\/td>\n<td>13:00 sati<\/td>\n<td>ASEFT<\/td>\n<\/tr>\n<tr>\n<td><strong>Panel diskusija \u201ePoslodavac \u2013 student\u201c<\/strong><\/td>\n<td>Fakultet za tehni\u010dke studije<\/td>\n<td>18.03.2018.<\/td>\n<td>12:00 sati<\/td>\n<td>ASFTS<\/td>\n<\/tr>\n<tr>\n<td><strong>Dani in\u017eenjera<\/strong><\/td>\n<td>Fakultet za tehni\u010dke studije<\/td>\n<td>20. i 21.03.2018.<\/td>\n<td>\/<\/td>\n<td>ASFTS<\/td>\n<\/tr>\n<\/tbody>\n<\/table>\n","protected":false},"excerpt":{"rendered":"<p>Na\u0161i projekti u okviru odr\u017eavanja manifestacije Dani op\u0107ine Travnik 2018 su: &nbsp; NAZIV AKTIVNOSTI MJESTO ODR\u017dAVANJA DATUM TERMIN ODR\u017dAVANJA REALIZATOR Gostuju\u0107e predavanje: \u201eU svijetu ilustracije i karakter dizajna\u201c Fakultet za tehni\u010dke studije 15.03.2018. 17:00 sati Fakultet za tehni\u010dke studije Okrugli stol \u201eZa\u0161to volontirati? Edukuj i uklju\u010di se!\u201c Edukacijski fakultet 16.03.2018. 13:00 sati ASEFT Panel diskusija [&hellip;]<\/p>\n","protected":false},"author":1,"featured_media":61412,"comment_status":"closed","ping_status":"open","sticky":false,"template":"","format":"standard","meta":{"ngg_post_thumbnail":0},"categories":[1009],"tags":[],"_links":{"self":[{"href":"https:\/\/www.eft.ba\/web\/wp-json\/wp\/v2\/posts\/61424"}],"collection":[{"href":"https:\/\/www.eft.ba\/web\/wp-json\/wp\/v2\/posts"}],"about":[{"href":"https:\/\/www.eft.ba\/web\/wp-json\/wp\/v2\/types\/post"}],"author":[{"embeddable":true,"href":"https:\/\/www.eft.ba\/web\/wp-json\/wp\/v2\/users\/1"}],"replies":[{"embeddable":true,"href":"https:\/\/www.eft.ba\/web\/wp-json\/wp\/v2\/comments?post=61424"}],"version-history":[{"count":1,"href":"https:\/\/www.eft.ba\/web\/wp-json\/wp\/v2\/posts\/61424\/revisions"}],"predecessor-version":[{"id":61425,"href":"https:\/\/www.eft.ba\/web\/wp-json\/wp\/v2\/posts\/61424\/revisions\/61425"}],"wp:featuredmedia":[{"embeddable":true,"href":"https:\/\/www.eft.ba\/web\/wp-json\/wp\/v2\/media\/61412"}],"wp:attachment":[{"href":"https:\/\/www.eft.ba\/web\/wp-json\/wp\/v2\/media?parent=61424"}],"wp:term":[{"taxonomy":"category","embeddable":true,"href":"https:\/\/www.eft.ba\/web\/wp-json\/wp\/v2\/categories?post=61424"},{"taxonomy":"post_tag","embeddable":true,"href":"https:\/\/www.eft.ba\/web\/wp-json\/wp\/v2\/tags?post=61424"}],"curies":[{"name":"wp","href":"https:\/\/api.w.org\/{rel}","templated":true}]}}