{"id":61422,"date":"2018-04-06T12:28:12","date_gmt":"2018-04-06T12:28:12","guid":{"rendered":"http:\/\/www.eft.ba\/web\/?p=61422"},"modified":"2018-04-06T12:28:12","modified_gmt":"2018-04-06T12:28:12","slug":"uspjesno-realizirana-zimska-akademija-2018-2","status":"publish","type":"post","link":"https:\/\/www.eft.ba\/web\/2018\/04\/06\/uspjesno-realizirana-zimska-akademija-2018-2\/","title":{"rendered":"Uspje\u0161no realizirana Zimska akademija 2018"},"content":{"rendered":"<div class=\"post-content\">\n<p>Na Edukacijskom fakultetu i Fakultetu za tehni\u010dke studije Univerziteta u Travniku u \u010detvrtak 22. februara uprili\u010deno je otvaranje Zimske akademije sa po\u010detkom u 12:00 sati za u\u010denike srednjih \u0161kola s podru\u010dja op\u0107ine Travnik dok je u utorak 27. februara Zimska akademija odr\u017eana za u\u010denike srednjih \u0161kola sa podru\u010dja Srednjobosanskog kantona\/Kantona Sredi\u0161nja Bosna.<\/p>\n<p>Edukacijski fakultet i Fakultet za tehni\u010dke studije Univerziteta u Travniku ove su godine za maturante srednjih \u0161kola pru\u017eili izuzetnu priliku da do\u017eive jedno sasvim novo iskustvo studiranja na ovim fakultetima upravo kroz ovu aktivnost.<\/p>\n<p>Zimska akademija je zajedni\u010dka aktivnost Edukacijskog fakulteta i Fakulteta za tehni\u010dke studije koja ima za cilj da u ugodnoj akademskoj atmosferi i dijalogu otvori mnoga va\u017ena pitanja koja se na prvom mjestu ti\u010du mladih ljudi i njihovih promi\u0161ljanja u kontekstu problematike koja ih zanima.<\/p>\n<p>Predava\u010di na Zimskoj akademiji su nastavnici i saradnici Edukacijskog fakulteta sa katedri za: pedagogiju, menad\u017ement u obrazovanju, bosanski, hrvatski i srpski jezik, knji\u017eevnost, matematiku, medije, kineziologiju te nastavnici i saradnici Fakulteta za tehni\u010dke studije sa katedri za: informatiku, tekstilno in\u017einjerstvo i dizajn, gra\u0111evinu, arhitekturu, grafi\u010dko in\u017einjerstvo i dizajn.<\/p>\n<p>Na samom po\u010detku Zimske akademije odr\u017eano je pozdravno obra\u0107anje u kojem se prisutnim u\u010denicima obratila <em>doc. dr. Amra Tuzovi\u0107<\/em>, menad\u017eerica za osiguranje kvaliteta Univerziteta u Travniku izraziv\u0161i zadovoljstvo posjetom u\u010denika te naglasiv\u0161i da je cilj Akademije da u\u010denicima otvori vrata akademske zajednice, usmjeri ih i upozna sa ponu\u0111enim temama predavanja.<\/p>\n<p>U\u010denicima su dobrodo\u0161licu po\u017eeljeli i dekani oba fakulteta <em>\u2013 prof. dr. Hrustem Smailhod\u017ei\u0107<\/em>, dekan Fakulteta za tehni\u010dke studije naglasiv\u0161i da je ova Zimska akademija koncipirana na na\u010din da se u\u010denici upoznaju sa studijskim smjerovima oba fakulteta. Dekan Edukacijskog fakulteta \u2013 <em>prof. dr. Hazim Selimovi\u0107<\/em> kazav\u0161i da je cilj Akademije upoznavanje u\u010denika sa principom rada visoko\u0161kolske ustanove i informacijama koje \u0107e im koristiti u budu\u0107em obrazovanju dok se <em>prof. ddr. Tarik Obrali\u0107<\/em> osvrnuo na proces akreditacije kroz koji je Univerzitet u Travniku pro\u0161ao \u0161to pokazuje uspje\u0161nost rada ove respektabilne ustanove.<\/p>\n<p>Po zavr\u0161etku pozdravnih obra\u0107anja u\u010denici su podijeljeni u grupe shodno temama koje su odabrali pri samoj prijavi na Zimsku akademiju.<\/p>\n<p>Uz bogat i raznovrstan izbor tema u\u010denici su imali priliku, shodno svojim interesima, promi\u0161ljati o budu\u0107nosti, o ulaganju u obrazovanje, o zdravom na\u010dinu \u017eivotu, o o\u010duvanju jezi\u010dke i knji\u017eevne ba\u0161tine te drugim vrijednostima \u017eivota.<\/p>\n<p>Ova aktivnost na\u0161ih fakulteta, prema utiscima, dojmovima i mi\u0161ljenjima u\u010denika i njihovih profesora, pedagoga i direktora koji su do\u0161li s njima, pokazala se izuzetno uspje\u0161nom \u0161to je, svakako, jo\u0161 jedan podstrek i motivacija za nove, jo\u0161 uspje\u0161nije ideje i aktivnosti u radu na\u0161ih fakulteta.<\/p>\n<\/div>\n","protected":false},"excerpt":{"rendered":"<p>Na Edukacijskom fakultetu i Fakultetu za tehni\u010dke studije Univerziteta u Travniku u \u010detvrtak 22. februara uprili\u010deno je otvaranje Zimske akademije sa po\u010detkom u 12:00 sati za u\u010denike srednjih \u0161kola s podru\u010dja op\u0107ine Travnik dok je u utorak 27. februara Zimska akademija odr\u017eana za u\u010denike srednjih \u0161kola sa podru\u010dja Srednjobosanskog kantona\/Kantona Sredi\u0161nja Bosna. Edukacijski fakultet i [&hellip;]<\/p>\n","protected":false},"author":1,"featured_media":61416,"comment_status":"closed","ping_status":"open","sticky":false,"template":"","format":"standard","meta":{"ngg_post_thumbnail":0},"categories":[1009],"tags":[],"_links":{"self":[{"href":"https:\/\/www.eft.ba\/web\/wp-json\/wp\/v2\/posts\/61422"}],"collection":[{"href":"https:\/\/www.eft.ba\/web\/wp-json\/wp\/v2\/posts"}],"about":[{"href":"https:\/\/www.eft.ba\/web\/wp-json\/wp\/v2\/types\/post"}],"author":[{"embeddable":true,"href":"https:\/\/www.eft.ba\/web\/wp-json\/wp\/v2\/users\/1"}],"replies":[{"embeddable":true,"href":"https:\/\/www.eft.ba\/web\/wp-json\/wp\/v2\/comments?post=61422"}],"version-history":[{"count":1,"href":"https:\/\/www.eft.ba\/web\/wp-json\/wp\/v2\/posts\/61422\/revisions"}],"predecessor-version":[{"id":61423,"href":"https:\/\/www.eft.ba\/web\/wp-json\/wp\/v2\/posts\/61422\/revisions\/61423"}],"wp:featuredmedia":[{"embeddable":true,"href":"https:\/\/www.eft.ba\/web\/wp-json\/wp\/v2\/media\/61416"}],"wp:attachment":[{"href":"https:\/\/www.eft.ba\/web\/wp-json\/wp\/v2\/media?parent=61422"}],"wp:term":[{"taxonomy":"category","embeddable":true,"href":"https:\/\/www.eft.ba\/web\/wp-json\/wp\/v2\/categories?post=61422"},{"taxonomy":"post_tag","embeddable":true,"href":"https:\/\/www.eft.ba\/web\/wp-json\/wp\/v2\/tags?post=61422"}],"curies":[{"name":"wp","href":"https:\/\/api.w.org\/{rel}","templated":true}]}}