{"id":59611,"date":"2018-02-17T09:53:53","date_gmt":"2018-02-17T09:53:53","guid":{"rendered":"http:\/\/www.eft.ba\/web\/?p=59611"},"modified":"2018-02-17T09:53:53","modified_gmt":"2018-02-17T09:53:53","slug":"poziv-maturantima-za-sudjelovanje-u-zimskoj-akademiji","status":"publish","type":"post","link":"https:\/\/www.eft.ba\/web\/2018\/02\/17\/poziv-maturantima-za-sudjelovanje-u-zimskoj-akademiji\/","title":{"rendered":"Poziv maturantima za sudjelovanje u Zimskoj akademiji"},"content":{"rendered":"<p>Zavr\u0161ne pripreme za realizaciju Zimske akademije su uspje\u0161no okon\u010dane. O\u010dekujemo sve maturante srednjih \u0161kola koji su zainteresovani za Zimsku akademiju da zajedno sa nama budu dio ove pri\u010de.<\/p>\n<p>Posjete u\u010denika zavr\u0161nih razreda su planirane prema sljede\u0107im terminima:<\/p>\n<p>22. februara 2018. godine od 12:00 sati \u2013 konferencijska sala fakulteta \u2013 za srednje \u0161kole s podru\u010dja op\u0107ine Travnik \u2013 prva smjena, odnosno od 14:00 sati za srednje \u0161kole s podru\u010dja op\u0107ine Travnik \u2013 druga smjena.<\/p>\n<p>27. februara 2018. godine od 12:00 sati, za srednje \u0161kole s podru\u010dja ostalih op\u0107ina Srednjobosanskog kantona\/Kantona Sredi\u0161nje Bosne.<\/p>\n<p>Odaberite jednu od ponu\u0111enih tema i prisustvujte predavanjima na\u0161ih eminentnih profesora.<\/p>\n<p>Nemojte \u010dekati sutra. Prijavite se danas!<\/p>\n<p>Va\u0161 Fakultet za tehni\u010dke studije &amp; Edukacijski fakultet!<\/p>\n<p><img class=\"alignnone size-medium wp-image-59468\" src=\"http:\/\/www.eft.ba\/web\/wp-content\/uploads\/2018\/02\/ZimskaAkademija_27-212x300.jpg\" alt=\"\" width=\"212\" height=\"300\" srcset=\"https:\/\/www.eft.ba\/web\/wp-content\/uploads\/2018\/02\/ZimskaAkademija_27-200x283.jpg 200w, https:\/\/www.eft.ba\/web\/wp-content\/uploads\/2018\/02\/ZimskaAkademija_27-212x300.jpg 212w, https:\/\/www.eft.ba\/web\/wp-content\/uploads\/2018\/02\/ZimskaAkademija_27-400x566.jpg 400w, https:\/\/www.eft.ba\/web\/wp-content\/uploads\/2018\/02\/ZimskaAkademija_27-600x848.jpg 600w, https:\/\/www.eft.ba\/web\/wp-content\/uploads\/2018\/02\/ZimskaAkademija_27-724x1024.jpg 724w, https:\/\/www.eft.ba\/web\/wp-content\/uploads\/2018\/02\/ZimskaAkademija_27-768x1086.jpg 768w, https:\/\/www.eft.ba\/web\/wp-content\/uploads\/2018\/02\/ZimskaAkademija_27-800x1131.jpg 800w, https:\/\/www.eft.ba\/web\/wp-content\/uploads\/2018\/02\/ZimskaAkademija_27-1200x1697.jpg 1200w, https:\/\/www.eft.ba\/web\/wp-content\/uploads\/2018\/02\/ZimskaAkademija_27.jpg 3508w\" sizes=\"(max-width: 212px) 100vw, 212px\" \/><\/p>\n","protected":false},"excerpt":{"rendered":"<p>Zavr\u0161ne pripreme za realizaciju Zimske akademije su uspje\u0161no okon\u010dane. O\u010dekujemo sve maturante srednjih \u0161kola koji su zainteresovani za Zimsku akademiju da zajedno sa nama budu dio ove pri\u010de. Posjete u\u010denika zavr\u0161nih razreda su planirane prema sljede\u0107im terminima: 22. februara 2018. godine od 12:00 sati \u2013 konferencijska sala fakulteta \u2013 za srednje \u0161kole s podru\u010dja op\u0107ine [&hellip;]<\/p>\n","protected":false},"author":1,"featured_media":59612,"comment_status":"closed","ping_status":"open","sticky":false,"template":"","format":"standard","meta":{"ngg_post_thumbnail":0},"categories":[991],"tags":[],"_links":{"self":[{"href":"https:\/\/www.eft.ba\/web\/wp-json\/wp\/v2\/posts\/59611"}],"collection":[{"href":"https:\/\/www.eft.ba\/web\/wp-json\/wp\/v2\/posts"}],"about":[{"href":"https:\/\/www.eft.ba\/web\/wp-json\/wp\/v2\/types\/post"}],"author":[{"embeddable":true,"href":"https:\/\/www.eft.ba\/web\/wp-json\/wp\/v2\/users\/1"}],"replies":[{"embeddable":true,"href":"https:\/\/www.eft.ba\/web\/wp-json\/wp\/v2\/comments?post=59611"}],"version-history":[{"count":1,"href":"https:\/\/www.eft.ba\/web\/wp-json\/wp\/v2\/posts\/59611\/revisions"}],"predecessor-version":[{"id":59613,"href":"https:\/\/www.eft.ba\/web\/wp-json\/wp\/v2\/posts\/59611\/revisions\/59613"}],"wp:featuredmedia":[{"embeddable":true,"href":"https:\/\/www.eft.ba\/web\/wp-json\/wp\/v2\/media\/59612"}],"wp:attachment":[{"href":"https:\/\/www.eft.ba\/web\/wp-json\/wp\/v2\/media?parent=59611"}],"wp:term":[{"taxonomy":"category","embeddable":true,"href":"https:\/\/www.eft.ba\/web\/wp-json\/wp\/v2\/categories?post=59611"},{"taxonomy":"post_tag","embeddable":true,"href":"https:\/\/www.eft.ba\/web\/wp-json\/wp\/v2\/tags?post=59611"}],"curies":[{"name":"wp","href":"https:\/\/api.w.org\/{rel}","templated":true}]}}