{"id":58783,"date":"2017-12-23T11:49:18","date_gmt":"2017-12-23T11:49:18","guid":{"rendered":"http:\/\/www.eft.ba\/web\/?p=58783"},"modified":"2017-12-23T13:44:05","modified_gmt":"2017-12-23T13:44:05","slug":"info-neradni-dan","status":"publish","type":"post","link":"https:\/\/www.eft.ba\/web\/2017\/12\/23\/info-neradni-dan\/","title":{"rendered":"Info: Neradni dan"},"content":{"rendered":"<p>Obavje\u0161tavamo studente da Edukacijski fakultet ne\u0107e raditi u ponedjeljak 25.12.2017. godine, a zbog katoli\u010dkog Bo\u017ei\u0107a. Redovne radne aktivnosti fakulteta nastavljaju se u utorak, 26.12.2017. godine. Svim vjernicima \u017eelimo sretne blagdane.<\/p>\n","protected":false},"excerpt":{"rendered":"<p>Obavje\u0161tavamo studente da Edukacijski fakultet ne\u0107e raditi u ponedjeljak 25.12.2017. godine, a zbog katoli\u010dkog Bo\u017ei\u0107a. Redovne radne aktivnosti fakulteta nastavljaju se u utorak, 26.12.2017. godine. Svim vjernicima \u017eelimo sretne blagdane.<\/p>\n","protected":false},"author":109,"featured_media":0,"comment_status":"closed","ping_status":"open","sticky":false,"template":"","format":"standard","meta":{"ngg_post_thumbnail":0},"categories":[301],"tags":[],"_links":{"self":[{"href":"https:\/\/www.eft.ba\/web\/wp-json\/wp\/v2\/posts\/58783"}],"collection":[{"href":"https:\/\/www.eft.ba\/web\/wp-json\/wp\/v2\/posts"}],"about":[{"href":"https:\/\/www.eft.ba\/web\/wp-json\/wp\/v2\/types\/post"}],"author":[{"embeddable":true,"href":"https:\/\/www.eft.ba\/web\/wp-json\/wp\/v2\/users\/109"}],"replies":[{"embeddable":true,"href":"https:\/\/www.eft.ba\/web\/wp-json\/wp\/v2\/comments?post=58783"}],"version-history":[{"count":2,"href":"https:\/\/www.eft.ba\/web\/wp-json\/wp\/v2\/posts\/58783\/revisions"}],"predecessor-version":[{"id":58785,"href":"https:\/\/www.eft.ba\/web\/wp-json\/wp\/v2\/posts\/58783\/revisions\/58785"}],"wp:attachment":[{"href":"https:\/\/www.eft.ba\/web\/wp-json\/wp\/v2\/media?parent=58783"}],"wp:term":[{"taxonomy":"category","embeddable":true,"href":"https:\/\/www.eft.ba\/web\/wp-json\/wp\/v2\/categories?post=58783"},{"taxonomy":"post_tag","embeddable":true,"href":"https:\/\/www.eft.ba\/web\/wp-json\/wp\/v2\/tags?post=58783"}],"curies":[{"name":"wp","href":"https:\/\/api.w.org\/{rel}","templated":true}]}}