{"id":54731,"date":"2017-07-19T11:32:55","date_gmt":"2017-07-19T11:32:55","guid":{"rendered":"https:\/\/www.eft.ba\/web\/?p=54731"},"modified":"2017-07-25T13:27:52","modified_gmt":"2017-07-25T13:27:52","slug":"mediji-o-nama","status":"publish","type":"post","link":"https:\/\/www.eft.ba\/web\/2017\/07\/19\/mediji-o-nama\/","title":{"rendered":"MEDIJI O NAMA"},"content":{"rendered":"<p>Sve\u010dana promocija diplomanata i magistranata Edukacijskog fakulteta i Fakulteta za tehni\u010dke studije Univerziteta u Travniku odr\u017eana je u nedelju, 16. jula 2017. godine u kampusu Univerziteta u Travniku.<\/p>\n<p>Sve\u010danim \u010dinom promocije diplomanata i magistranata Edukacijskog fakulteta i Fakulteta za tehni\u010dke studije Univerziteta u Travniku, akademska zajednica Bosne i Hercegovine postala je bogatija za nove \u010dlanove, a na\u0161a domovina Bosna i Hercegovina za nove intelektualne snage.<\/p>\n<p>Ceremoniji promocije na\u0161ih diplomanata i magistranata prisustvovali su i pisanom rije\u010dju i objektivom ovjekovje\u010dili na\u0161i medijski partneri.<\/p>\n<p>Ovim putem izra\u017eavamo posebnu zahvalnost za pra\u0107enje svih na\u0161ih dosada\u0161njih aktivnosti medijskim partnerima:<\/p>\n<ol>\n<li>Novinaru Kenanu Kavazovi\u0107u, uredniku portala travnik-grad.info i plavavoda.com, dopisniku \u201eDnevnog avaza\u201c<\/li>\n<\/ol>\n<p><img class=\" wp-image-54736 aligncenter\" src=\"https:\/\/www.eft.ba\/web\/wp-content\/uploads\/2017\/07\/travnik-grad-300x291.png\" alt=\"\" width=\"508\" height=\"493\" srcset=\"https:\/\/www.eft.ba\/web\/wp-content\/uploads\/2017\/07\/travnik-grad-200x194.png 200w, https:\/\/www.eft.ba\/web\/wp-content\/uploads\/2017\/07\/travnik-grad-300x291.png 300w, https:\/\/www.eft.ba\/web\/wp-content\/uploads\/2017\/07\/travnik-grad-400x387.png 400w, https:\/\/www.eft.ba\/web\/wp-content\/uploads\/2017\/07\/travnik-grad-600x581.png 600w, https:\/\/www.eft.ba\/web\/wp-content\/uploads\/2017\/07\/travnik-grad.png 760w\" sizes=\"(max-width: 508px) 100vw, 508px\" \/><\/p>\n<p><img class=\"size-medium wp-image-54735 aligncenter\" src=\"https:\/\/www.eft.ba\/web\/wp-content\/uploads\/2017\/07\/avaz-300x180.jpg\" alt=\"\" width=\"300\" height=\"180\" srcset=\"https:\/\/www.eft.ba\/web\/wp-content\/uploads\/2017\/07\/avaz-200x120.jpg 200w, https:\/\/www.eft.ba\/web\/wp-content\/uploads\/2017\/07\/avaz-300x180.jpg 300w, https:\/\/www.eft.ba\/web\/wp-content\/uploads\/2017\/07\/avaz-400x240.jpg 400w, https:\/\/www.eft.ba\/web\/wp-content\/uploads\/2017\/07\/avaz-600x360.jpg 600w, https:\/\/www.eft.ba\/web\/wp-content\/uploads\/2017\/07\/avaz-768x461.jpg 768w, https:\/\/www.eft.ba\/web\/wp-content\/uploads\/2017\/07\/avaz-800x480.jpg 800w, https:\/\/www.eft.ba\/web\/wp-content\/uploads\/2017\/07\/avaz-1024x614.jpg 1024w, https:\/\/www.eft.ba\/web\/wp-content\/uploads\/2017\/07\/avaz-1200x720.jpg 1200w, https:\/\/www.eft.ba\/web\/wp-content\/uploads\/2017\/07\/avaz.jpg 1280w\" sizes=\"(max-width: 300px) 100vw, 300px\" \/><\/p>\n<p>&nbsp;&nbsp;&nbsp;&nbsp;<\/p>\n<ol start=\"3\">\n<li>Novinarki Amili Seferovi\u0107, urednici novinske agencije \u201eDan\u201c i urednici portala travnicki.info<\/li>\n<\/ol>\n<p><img class=\"size-medium wp-image-54734 aligncenter\" src=\"https:\/\/www.eft.ba\/web\/wp-content\/uploads\/2017\/07\/travnicki-300x280.png\" alt=\"\" width=\"300\" height=\"280\" srcset=\"https:\/\/www.eft.ba\/web\/wp-content\/uploads\/2017\/07\/travnicki-200x187.png 200w, https:\/\/www.eft.ba\/web\/wp-content\/uploads\/2017\/07\/travnicki-300x280.png 300w, https:\/\/www.eft.ba\/web\/wp-content\/uploads\/2017\/07\/travnicki-400x373.png 400w, https:\/\/www.eft.ba\/web\/wp-content\/uploads\/2017\/07\/travnicki-600x560.png 600w, https:\/\/www.eft.ba\/web\/wp-content\/uploads\/2017\/07\/travnicki.png 659w\" sizes=\"(max-width: 300px) 100vw, 300px\" \/><\/p>\n<ol start=\"3\">\n<li>Grupacija \u201eTNT\u201c<\/li>\n<\/ol>\n<p><img class=\" wp-image-54733 aligncenter\" src=\"https:\/\/www.eft.ba\/web\/wp-content\/uploads\/2017\/07\/tnt-248x300.png\" alt=\"\" width=\"313\" height=\"379\" srcset=\"https:\/\/www.eft.ba\/web\/wp-content\/uploads\/2017\/07\/tnt-200x242.png 200w, https:\/\/www.eft.ba\/web\/wp-content\/uploads\/2017\/07\/tnt-248x300.png 248w, https:\/\/www.eft.ba\/web\/wp-content\/uploads\/2017\/07\/tnt-400x484.png 400w, https:\/\/www.eft.ba\/web\/wp-content\/uploads\/2017\/07\/tnt.png 514w\" sizes=\"(max-width: 313px) 100vw, 313px\" \/><\/p>\n<ol start=\"4\">\n<li>Televizija \u201eVisoko\u201c<\/li>\n<\/ol>\n<p><img class=\" wp-image-54732 aligncenter\" src=\"https:\/\/www.eft.ba\/web\/wp-content\/uploads\/2017\/07\/visoko-284x300.png\" alt=\"\" width=\"417\" height=\"440\" srcset=\"https:\/\/www.eft.ba\/web\/wp-content\/uploads\/2017\/07\/visoko-200x211.png 200w, https:\/\/www.eft.ba\/web\/wp-content\/uploads\/2017\/07\/visoko-284x300.png 284w, https:\/\/www.eft.ba\/web\/wp-content\/uploads\/2017\/07\/visoko-400x423.png 400w, https:\/\/www.eft.ba\/web\/wp-content\/uploads\/2017\/07\/visoko-600x634.png 600w, https:\/\/www.eft.ba\/web\/wp-content\/uploads\/2017\/07\/visoko-768x812.png 768w, https:\/\/www.eft.ba\/web\/wp-content\/uploads\/2017\/07\/visoko-800x846.png 800w, https:\/\/www.eft.ba\/web\/wp-content\/uploads\/2017\/07\/visoko.png 840w\" sizes=\"(max-width: 417px) 100vw, 417px\" \/><\/p>\n","protected":false},"excerpt":{"rendered":"<p>Sve\u010dana promocija diplomanata i magistranata Edukacijskog fakulteta i Fakulteta za tehni\u010dke studije Univerziteta u Travniku odr\u017eana je u nedelju, 16. jula 2017. godine u kampusu Univerziteta u Travniku. Sve\u010danim \u010dinom promocije diplomanata i magistranata Edukacijskog fakulteta i Fakulteta za tehni\u010dke studije Univerziteta u Travniku, akademska zajednica Bosne i Hercegovine postala je bogatija za nove \u010dlanove, [&hellip;]<\/p>\n","protected":false},"author":1,"featured_media":54735,"comment_status":"closed","ping_status":"closed","sticky":false,"template":"","format":"standard","meta":{"ngg_post_thumbnail":0},"categories":[1003,991],"tags":[],"_links":{"self":[{"href":"https:\/\/www.eft.ba\/web\/wp-json\/wp\/v2\/posts\/54731"}],"collection":[{"href":"https:\/\/www.eft.ba\/web\/wp-json\/wp\/v2\/posts"}],"about":[{"href":"https:\/\/www.eft.ba\/web\/wp-json\/wp\/v2\/types\/post"}],"author":[{"embeddable":true,"href":"https:\/\/www.eft.ba\/web\/wp-json\/wp\/v2\/users\/1"}],"replies":[{"embeddable":true,"href":"https:\/\/www.eft.ba\/web\/wp-json\/wp\/v2\/comments?post=54731"}],"version-history":[{"count":1,"href":"https:\/\/www.eft.ba\/web\/wp-json\/wp\/v2\/posts\/54731\/revisions"}],"predecessor-version":[{"id":54737,"href":"https:\/\/www.eft.ba\/web\/wp-json\/wp\/v2\/posts\/54731\/revisions\/54737"}],"wp:featuredmedia":[{"embeddable":true,"href":"https:\/\/www.eft.ba\/web\/wp-json\/wp\/v2\/media\/54735"}],"wp:attachment":[{"href":"https:\/\/www.eft.ba\/web\/wp-json\/wp\/v2\/media?parent=54731"}],"wp:term":[{"taxonomy":"category","embeddable":true,"href":"https:\/\/www.eft.ba\/web\/wp-json\/wp\/v2\/categories?post=54731"},{"taxonomy":"post_tag","embeddable":true,"href":"https:\/\/www.eft.ba\/web\/wp-json\/wp\/v2\/tags?post=54731"}],"curies":[{"name":"wp","href":"https:\/\/api.w.org\/{rel}","templated":true}]}}