{"id":54457,"date":"2017-07-17T13:57:53","date_gmt":"2017-07-17T13:57:53","guid":{"rendered":"https:\/\/www.eft.ba\/web\/?p=54457"},"modified":"2017-07-26T08:06:17","modified_gmt":"2017-07-26T08:06:17","slug":"promocija-diplomanata-magistranata-2017","status":"publish","type":"post","link":"https:\/\/www.eft.ba\/web\/2017\/07\/17\/promocija-diplomanata-magistranata-2017\/","title":{"rendered":"PROMOCIJA DIPLOMANATA I MAGISTRANATA 2017."},"content":{"rendered":"<p>Sve\u010dana promocija diplomanata i magistranata Edukacijskog fakulteta i Fakulteta za tehni\u010dke studije Univerziteta u Travniku odr\u017eana je u nedelju, 16. jula 2017. godine u kampusu Univerziteta u Travniku sa po\u010detkom u 18:30 sati. Tom prilikom su promovirana ukupno 190 diplomanta i 70 magistranata, od \u010dega 60 diplomanata i 30 magistranata sa Fakulteta za tehni\u010dke studije, dok su 130 diplomanta i 40 magistranta sa Edukacijskog fakulteta Univerziteta u Travniku.<br \/>\nCeremonija promocije diplomanata i magistranata zapo\u010deta je plesnim performansom u izvedbi \u010dlanica plesnog studija \u201ePrijatelji djece Maya\u201c. Sve\u010danom \u010dinu promocije prisustvovali su pored diplomanata i magistranata i njihovi roditelji, rodbina i prijatelji, \u010dlanovi akademske zajednice Univerziteta u Travniku i drugih univerziteta u Bosni i Hercegovini, premijer Vlade Srednjobosanskog kantona, na\u010delnik Op\u0107ine Travnik, predstavnici Ministarstva obrazovanja, nauke, kulture i sporta Srednjobosanskog kantona, predstavnici medija, te mnoge uva\u017eene li\u010dnosti iz na\u0161e zemlje.<\/p>\n<p><img class=\"wp-image-54614 aligncenter\" src=\"https:\/\/www.eft.ba\/web\/wp-content\/uploads\/2017\/07\/0-02-05-9b89f7f3275f065908c05c815369c37c8b30459d11a9493d22cc1ba8186662a5_full-300x225.jpg\" alt=\"\" width=\"571\" height=\"428\" srcset=\"https:\/\/www.eft.ba\/web\/wp-content\/uploads\/2017\/07\/0-02-05-9b89f7f3275f065908c05c815369c37c8b30459d11a9493d22cc1ba8186662a5_full-200x150.jpg 200w, https:\/\/www.eft.ba\/web\/wp-content\/uploads\/2017\/07\/0-02-05-9b89f7f3275f065908c05c815369c37c8b30459d11a9493d22cc1ba8186662a5_full-300x225.jpg 300w, https:\/\/www.eft.ba\/web\/wp-content\/uploads\/2017\/07\/0-02-05-9b89f7f3275f065908c05c815369c37c8b30459d11a9493d22cc1ba8186662a5_full-400x300.jpg 400w, https:\/\/www.eft.ba\/web\/wp-content\/uploads\/2017\/07\/0-02-05-9b89f7f3275f065908c05c815369c37c8b30459d11a9493d22cc1ba8186662a5_full-600x450.jpg 600w, https:\/\/www.eft.ba\/web\/wp-content\/uploads\/2017\/07\/0-02-05-9b89f7f3275f065908c05c815369c37c8b30459d11a9493d22cc1ba8186662a5_full-768x576.jpg 768w, https:\/\/www.eft.ba\/web\/wp-content\/uploads\/2017\/07\/0-02-05-9b89f7f3275f065908c05c815369c37c8b30459d11a9493d22cc1ba8186662a5_full-800x600.jpg 800w, https:\/\/www.eft.ba\/web\/wp-content\/uploads\/2017\/07\/0-02-05-9b89f7f3275f065908c05c815369c37c8b30459d11a9493d22cc1ba8186662a5_full.jpg 1024w\" sizes=\"(max-width: 571px) 100vw, 571px\" \/><\/p>\n<p>Protokol Sve\u010dane promocije diplomanata i magistranata podrazumijevao je obra\u0107anje predsjednika Upravnog odbora Univerziteta u Travniku i osniva\u010da Edukacijskog fakulteta i Fakulteta za tehni\u010dke studije mr. sci. dr. Nihada Selimovi\u0107a, pomo\u0107nika ministrice Ministarstva obrazovanja, nauke, kulture i sporta Srednjobosanskog kantona Zorana Mato\u0161evi\u0107a, predsjednice Odbora za kvalitet Univerziteta u Travniku doc. dr. Amre Tuzovi\u0107, dekana Edukacijskog fakulteta prof. dr. Hazima Selimovi\u0107a, dekana Fakulteta za tehni\u010dke studije prof. dr. Hrustema Smailhod\u017ei\u0107a, prof.dr. Salima Ibrahimefendi\u0107, na\u010delnika op\u0107ine Travnik Admira Had\u017eiemri\u0107a, premijera Vlade Srednjobosanskog kantona Tahira Lende, te dodjelu diploma diplomantima i magistrantima Edukacijskog fakulteta i Fakulteta za tehni\u010dke studije Univerziteta u Travniku.<\/p>\n<p>Predsjednik Upravnog odbora Univerziteta u Travniku i osniva\u010d Edukacijskog fakulteta i Fakulteta za tehni\u010dke studije mr. sci. dr. Nihad Selimovi\u0107 u svom obra\u0107anju pozdravio je sve prisutne i uputio iskrene \u010destitke svim diplomantima i magistrantima za uspje\u0161an zavr\u0161etak studija, te istima po\u017eelio mnogo sre\u0107e, uspjeha i zdravlja u budu\u0107em \u017eivotu, uz poruku da dostojno predstavljaju sebe i diplomu koju su stekli.<br \/>\nIspred Ministarstva obrazovanja, nauke, kulture i sporta Srednjobosanskog kantona prisutnima se obratio pomo\u0107nik ministrice Zoran Mato\u0161evi\u0107 koji je u svom obra\u0107anju pozdravio sve prisutne i \u010destitao svim diplomantima i magistrantima na ste\u010denom zvanju citiraju\u0107i izreku Aristotela: \u201eKorjeni obrazovanja su gorki, ali su plodovi slatki\u201c. U zavr\u0161nici svoga obra\u0107anja gdin. Mato\u0161evi\u0107 je naglasio kako je uspjeh svakog pojedinca zapravo op\u0107i uspjeh i interes sveukupnog dru\u0161tva i da predstavlja put reforme Bosne i Hercegovine prema Evropskoj uniji.<\/p>\n<p><img class=\"wp-image-54616 aligncenter\" src=\"https:\/\/www.eft.ba\/web\/wp-content\/uploads\/2017\/07\/0-02-05-7256f9854a92cca3b246ad66e2c717f6b1999ace79c81b1e96e985527ea42b57_full-300x225.jpg\" alt=\"\" width=\"640\" height=\"480\" srcset=\"https:\/\/www.eft.ba\/web\/wp-content\/uploads\/2017\/07\/0-02-05-7256f9854a92cca3b246ad66e2c717f6b1999ace79c81b1e96e985527ea42b57_full-200x150.jpg 200w, https:\/\/www.eft.ba\/web\/wp-content\/uploads\/2017\/07\/0-02-05-7256f9854a92cca3b246ad66e2c717f6b1999ace79c81b1e96e985527ea42b57_full-300x225.jpg 300w, https:\/\/www.eft.ba\/web\/wp-content\/uploads\/2017\/07\/0-02-05-7256f9854a92cca3b246ad66e2c717f6b1999ace79c81b1e96e985527ea42b57_full-400x300.jpg 400w, https:\/\/www.eft.ba\/web\/wp-content\/uploads\/2017\/07\/0-02-05-7256f9854a92cca3b246ad66e2c717f6b1999ace79c81b1e96e985527ea42b57_full-600x450.jpg 600w, https:\/\/www.eft.ba\/web\/wp-content\/uploads\/2017\/07\/0-02-05-7256f9854a92cca3b246ad66e2c717f6b1999ace79c81b1e96e985527ea42b57_full-768x576.jpg 768w, https:\/\/www.eft.ba\/web\/wp-content\/uploads\/2017\/07\/0-02-05-7256f9854a92cca3b246ad66e2c717f6b1999ace79c81b1e96e985527ea42b57_full-800x600.jpg 800w, https:\/\/www.eft.ba\/web\/wp-content\/uploads\/2017\/07\/0-02-05-7256f9854a92cca3b246ad66e2c717f6b1999ace79c81b1e96e985527ea42b57_full.jpg 1024w\" sizes=\"(max-width: 640px) 100vw, 640px\" \/><\/p>\n<p>Predsjednica Odbora za kvalitet Univerziteta u Travniku doc. dr. Amra Tuzovi\u0107 pozdravila je sve prisutne i \u010destitala diplomantima i magistrantima na ste\u010denim diplomima i ste\u010denim zvanjima, istakav\u0161i da su diplome koje su studenti stekli odraz njihovog ulaganja na putu na kojem su bili tokom godina provedenih na Univerzitetu u Travniku, kao i da Bosna i Hercegovina postaje bogatija za nove, mlade, stu\u010dne ljude. Doc.dr. Amra Tuzovi\u0107 je u svom obra\u0107anju naglasila da je Univerzitet u Travniku kao akreditovana visoko\u0161kolska ustanova iz dana u dan pokazao da su namjere osniva\u010da da se osnuje respektabilna visoko\u0161kolska ustanova ostvarene kroz rezultate realizovane u proteklom periodu. Kroz svoje obra\u0107anje doc.dr. Amra Tuzovi\u0107 je istakla kako je Edukacijski fakultet Univerziteta u Travniku sru\u0161io predrasude i pokazao da visoko\u0161kolske ustanove mogu biti nosioci evropskih projekata, jer je Edukacijski fakultet prvi nosilac i koordinator jednog evropskog projekta u okviru Erasmus + programa. U zavr\u0161nici svoga obra\u0107anja svim diplomantima i magistrantima doc.dr. Amra Tuzovi\u0107 po\u017eeljela je da svoje ste\u010deno znanje i diplome ponesu na pravi na\u010din i da dostojno reprezentuju na\u0161e fakultete i da put koji koji su odabrali u budu\u0107nosti bude uspje\u0161an.<br \/>\nU nastavku protokola prisutnima se obratio dekan Edukacijskog fakulteta prof. dr. Hazim Selimovi\u0107 koji je u svom obra\u0107anju pozdravio sve prisutne i \u010destitao svim diplomantima i magistrantima na zavr\u0161etku studija citiraju\u0107i izreku Alberta Einstein: \u201eObrazovanje nije u\u010denje \u010dinjenica, ve\u0107 treniranje uma da misli\u201c, po\u017eeliv\u0161i svim prisutnima puno uspjeha u budu\u0107nosti.<\/p>\n<p><img class=\"wp-image-54617 aligncenter\" src=\"https:\/\/www.eft.ba\/web\/wp-content\/uploads\/2017\/07\/0-02-05-cfe2467a61c969ec7ce01cdf166a31e7fe7eae42fa7d43111aaa699784490582_full-300x225.jpg\" alt=\"\" width=\"560\" height=\"420\" srcset=\"https:\/\/www.eft.ba\/web\/wp-content\/uploads\/2017\/07\/0-02-05-cfe2467a61c969ec7ce01cdf166a31e7fe7eae42fa7d43111aaa699784490582_full-200x150.jpg 200w, https:\/\/www.eft.ba\/web\/wp-content\/uploads\/2017\/07\/0-02-05-cfe2467a61c969ec7ce01cdf166a31e7fe7eae42fa7d43111aaa699784490582_full-300x225.jpg 300w, https:\/\/www.eft.ba\/web\/wp-content\/uploads\/2017\/07\/0-02-05-cfe2467a61c969ec7ce01cdf166a31e7fe7eae42fa7d43111aaa699784490582_full-400x300.jpg 400w, https:\/\/www.eft.ba\/web\/wp-content\/uploads\/2017\/07\/0-02-05-cfe2467a61c969ec7ce01cdf166a31e7fe7eae42fa7d43111aaa699784490582_full-600x450.jpg 600w, https:\/\/www.eft.ba\/web\/wp-content\/uploads\/2017\/07\/0-02-05-cfe2467a61c969ec7ce01cdf166a31e7fe7eae42fa7d43111aaa699784490582_full-768x576.jpg 768w, https:\/\/www.eft.ba\/web\/wp-content\/uploads\/2017\/07\/0-02-05-cfe2467a61c969ec7ce01cdf166a31e7fe7eae42fa7d43111aaa699784490582_full-800x600.jpg 800w, https:\/\/www.eft.ba\/web\/wp-content\/uploads\/2017\/07\/0-02-05-cfe2467a61c969ec7ce01cdf166a31e7fe7eae42fa7d43111aaa699784490582_full.jpg 1024w\" sizes=\"(max-width: 560px) 100vw, 560px\" \/><\/p>\n<p>Dekan Fakulteta za tehni\u010de studije prof. dr. Hrustem Smailhod\u017ei\u0107, tako\u0111er je pozdravio sve prisutne i uputio iskrene \u010destitke diplomantima i magistrantima rije\u010dima da su vrata za njih uvijek otvorena i da u svakom \u010dovjeku iskonski postoji potreba za stalnim istra\u017eivanjem i za saznanjima. U zavr\u0161nici svoga obra\u0107anja dekan prof. dr. Hrustem Smailhod\u017ei\u0107 je iskazao svoje zadovoljstvo da pozove prof.dr. Salima Ibrahimefendi\u0107a da se obrati svim prisutnim. U svom obra\u0107anju prof.dr. Salim Ibrahimefendi\u0107 je kroz svoje bogato \u017eivotno, ali i poslovno iskustvo poru\u010dio na\u0161im diplomantima i magistrantima da znanje koje su stekli na na\u0161im fakultetima je znanje koje su im prenoslili renomirani profesori i stru\u010dnjaci iz prakse, te da i poslije ovog sve\u010danog \u010dina ne prestaje obaveza fakulteta da ih prati na budu\u0107im \u017eivotnim putevima.<\/p>\n<p>Na\u010delnik op\u0107ine Travnik Admir Had\u017eiemri\u0107 govorio je o zna\u010daju Univerziteta u Travniku, Edukacijskog fakulteta i Fakulteta za tehni\u010dke studije za lokalnu zajednicu, koji su svojim postojanjem gradu Travniku dali jednu novu sliku i jedan novi segment razmi\u0161ljanja, kao i novi pogled na svijet. Svim prisutnim diplomantima i magistrantima uputio je najiskrenije \u010destitke i po\u017eelio da im ste\u010dena diploma bude vodilja na daljnjem \u017eivotnom putu.<\/p>\n<p>Premijer Vlade Srednjobosanskog kantona Tahir Lendo, govorio je o zna\u010daju Univerziteta u Travniku za Srednjobosanski kanton istakav\u0161i da je kanton radom Univerziteta u Travniku, Edukacijskog fakulteta i Fakulteta za tehni\u010dke studije, dobio pogonsku snagu u znanju i energiju u svim kantonalnim institucijama i preduze\u0107ima koja su vapila za kadrovima odre\u0111enih profila. Premijer je u svom obra\u0107anju prisutnim diplomantima i magistrantima kazao da se pred njima nalaze dva najva\u017enija zadatka, jedan je nastavak daljnjeg \u0161kolovanja, a drugi je aktivno tra\u017eenje posla. Na kraju obra\u0107anja premijer Tahir Lendo je po\u017eelio sre\u0107u i svako dobro kako diplomantima i magistrantima tako i budu\u0107em radu na\u0161ih fakulteta.<br \/>\nU protokolarnom dijelu sve\u010dane promocije obratile su se i magistrica Fakulteta za tehni\u010dke studije Emina Zubi\u0107, kao i magistrica Edukacijskog fakulteta Suada Menzil koje su iskazale svoje zadovoljstvo i ponos \u0161to su bile upravo studentice na\u0161ih fakulteta.<\/p>\n<p>Po zavr\u0161etku protokolarnog dijela promocije uprili\u010den je sve\u010dani koktel i dru\u017eenje diplomanata i magistranata Edukacijskog fakulteta i Fakulteta za tehni\u010dke studije Univerziteta u Travniku, njihovih roditelja, rodbine, prijatelja i \u010dlanova akademske zajednice.<\/p>\n<p>Zavr\u0161etkom sve\u010dane promocije diplomanata i magistranata Edukacijskog fakulteta i Fakulteta za tehni\u010dke studije Univerziteta u Travniku, akademska zajednica Bosne i Hercegovine bogatija je za nove \u010dlanove, a na\u0161a domovina Bosna i Hercegovina za nove intelektualne snage.<\/p>\nngg_shortcode_0_placeholder\n","protected":false},"excerpt":{"rendered":"<p>Sve\u010dana promocija diplomanata i magistranata Edukacijskog fakulteta i Fakulteta za tehni\u010dke studije Univerziteta u Travniku odr\u017eana je u nedelju, 16. jula 2017. godine u kampusu Univerziteta u Travniku sa po\u010detkom u 18:30 sati. Tom prilikom su promovirana ukupno 190 diplomanta i 70 magistranata, od \u010dega 60 diplomanata i 30 magistranata sa Fakulteta za tehni\u010dke studije, [&hellip;]<\/p>\n","protected":false},"author":1,"featured_media":54613,"comment_status":"closed","ping_status":"closed","sticky":false,"template":"","format":"standard","meta":{"ngg_post_thumbnail":0},"categories":[981,999,1003,997,995,996],"tags":[],"_links":{"self":[{"href":"https:\/\/www.eft.ba\/web\/wp-json\/wp\/v2\/posts\/54457"}],"collection":[{"href":"https:\/\/www.eft.ba\/web\/wp-json\/wp\/v2\/posts"}],"about":[{"href":"https:\/\/www.eft.ba\/web\/wp-json\/wp\/v2\/types\/post"}],"author":[{"embeddable":true,"href":"https:\/\/www.eft.ba\/web\/wp-json\/wp\/v2\/users\/1"}],"replies":[{"embeddable":true,"href":"https:\/\/www.eft.ba\/web\/wp-json\/wp\/v2\/comments?post=54457"}],"version-history":[{"count":2,"href":"https:\/\/www.eft.ba\/web\/wp-json\/wp\/v2\/posts\/54457\/revisions"}],"predecessor-version":[{"id":54618,"href":"https:\/\/www.eft.ba\/web\/wp-json\/wp\/v2\/posts\/54457\/revisions\/54618"}],"wp:featuredmedia":[{"embeddable":true,"href":"https:\/\/www.eft.ba\/web\/wp-json\/wp\/v2\/media\/54613"}],"wp:attachment":[{"href":"https:\/\/www.eft.ba\/web\/wp-json\/wp\/v2\/media?parent=54457"}],"wp:term":[{"taxonomy":"category","embeddable":true,"href":"https:\/\/www.eft.ba\/web\/wp-json\/wp\/v2\/categories?post=54457"},{"taxonomy":"post_tag","embeddable":true,"href":"https:\/\/www.eft.ba\/web\/wp-json\/wp\/v2\/tags?post=54457"}],"curies":[{"name":"wp","href":"https:\/\/api.w.org\/{rel}","templated":true}]}}