{"id":42046,"date":"2015-06-16T12:31:24","date_gmt":"2015-06-16T12:31:24","guid":{"rendered":"http:\/\/www.eft.ba\/web\/2015\/06\/16\/teme-konferencije-2\/"},"modified":"2015-06-16T12:31:24","modified_gmt":"2015-06-16T12:31:24","slug":"teme-konferencije-2","status":"publish","type":"post","link":"https:\/\/www.eft.ba\/web\/2015\/06\/16\/teme-konferencije-2\/","title":{"rendered":"Teme konferencije"},"content":{"rendered":"<p><span style=\"color: #000000;\"><strong><strong style=\"text-align: justify;\"><strong>Druga me\u0111unarodna znanstvena konferencija u oblasti knji\u017eevnosti i jezika<\/strong><\/strong><\/strong><\/span><\/p>\n<p><span style=\"color: #000000;\"><strong>Traumati\u010dna iskustva drugog\/e u Andri\u0107evom tekstu<\/strong><\/span><\/p>\n<p style=\"text-align: justify;\"><span style=\"color: #000000;\">U kulturama koje pate od nedostatka dijaloga i suo\u010davanja sa konfliktima, te posljedicama ratnih sukoba, traumati\u010dna iskustva se naj\u010de\u0161\u0107e umno\u017eavaju i prenose na naredne generacije. Ve\u0107inom se o traumati\u010dnom iskustvima govori poslije ratnih zbivanja na jugoslavenskom prostoru, ali \u010desto se zanemaruju periodi prije devedesetih. Stoga nam je va\u017eno da propitamo odnos prema drugom, nemo\u0107nom subjektu i u Andri\u0107evim tekstovima. Obzirom da Ivo Andri\u0107 tematski zahvata razli\u010dite historijske periode, razli\u010dite ideolo\u0161ke i politi\u010dke koncepte, otvara se i mogu\u0107nost za problematiziranje traumati\u010dnih iskustava pojedinaca u razli\u010ditim okolnostima i vremenskim okvirima.<\/span><\/p>\n<p><span style=\"color: #000000;\"><strong>Jezik\/jezici i trauma <\/strong><\/span><\/p>\n<p style=\"text-align: justify;\"><span style=\"color: #000000;\">Jezik i\/ili jezici u postjugoslavenskom okviru danas su daleko su od sociolongvisti\u010dkih istra\u017eivanja, ideja i inovacija. Za\u0161to je jezik ponovno postao jedan od klju\u010dnih utemeljitelja etni\u010dkog\/nacionalnog identiteta na postjugoslavenskom prostoru, te za\u0161to se bez otpora pojedinim govornicima name\u0107u politi\u010dki motivirani nazivi jezik\u0101, kao i jezi\u010dkog materijala? Proizvodi li drasti\u010dna promjena govora i usvajanje novog jezi\u010dkog materijala, pojedinih etni\u010dkih grupa na ovim prostorima, nove traume?<\/span><\/p>\n","protected":false},"excerpt":{"rendered":"<p>Druga me\u0111unarodna znanstvena konferencija u oblasti knji\u017eevnosti i jezika Traumati\u010dna iskustva drugog\/e u Andri\u0107evom tekstu U kulturama koje pate od nedostatka dijaloga i suo\u010davanja sa konfliktima, te posljedicama ratnih sukoba, traumati\u010dna iskustva se naj\u010de\u0161\u0107e umno\u017eavaju i prenose na naredne generacije. Ve\u0107inom se o traumati\u010dnom iskustvima govori poslije ratnih zbivanja na jugoslavenskom prostoru, ali \u010desto se [&hellip;]<\/p>\n","protected":false},"author":1,"featured_media":0,"comment_status":"open","ping_status":"open","sticky":false,"template":"","format":"standard","meta":{"ngg_post_thumbnail":0},"categories":[952],"tags":[],"_links":{"self":[{"href":"https:\/\/www.eft.ba\/web\/wp-json\/wp\/v2\/posts\/42046"}],"collection":[{"href":"https:\/\/www.eft.ba\/web\/wp-json\/wp\/v2\/posts"}],"about":[{"href":"https:\/\/www.eft.ba\/web\/wp-json\/wp\/v2\/types\/post"}],"author":[{"embeddable":true,"href":"https:\/\/www.eft.ba\/web\/wp-json\/wp\/v2\/users\/1"}],"replies":[{"embeddable":true,"href":"https:\/\/www.eft.ba\/web\/wp-json\/wp\/v2\/comments?post=42046"}],"version-history":[{"count":0,"href":"https:\/\/www.eft.ba\/web\/wp-json\/wp\/v2\/posts\/42046\/revisions"}],"wp:attachment":[{"href":"https:\/\/www.eft.ba\/web\/wp-json\/wp\/v2\/media?parent=42046"}],"wp:term":[{"taxonomy":"category","embeddable":true,"href":"https:\/\/www.eft.ba\/web\/wp-json\/wp\/v2\/categories?post=42046"},{"taxonomy":"post_tag","embeddable":true,"href":"https:\/\/www.eft.ba\/web\/wp-json\/wp\/v2\/tags?post=42046"}],"curies":[{"name":"wp","href":"https:\/\/api.w.org\/{rel}","templated":true}]}}