{"id":42041,"date":"2015-06-16T12:31:24","date_gmt":"2015-06-16T12:31:24","guid":{"rendered":"http:\/\/www.eft.ba\/web\/2015\/06\/16\/teme-konferencije\/"},"modified":"2015-06-16T12:31:24","modified_gmt":"2015-06-16T12:31:24","slug":"teme-konferencije","status":"publish","type":"post","link":"https:\/\/www.eft.ba\/web\/2015\/06\/16\/teme-konferencije\/","title":{"rendered":"Teme konferencije"},"content":{"rendered":"<p style=\"text-align: justify;\"><span style=\"color: #000000;\"><strong><strong style=\"text-align: justify;\">Prva me\u0111unarodna znanstvena konferencija u oblasti knji\u017eevnosti i jezika<\/strong><\/strong><\/span><\/p>\n<p style=\"text-align: justify;\"><span style=\"color: #000000;\"><strong>Ivo Andri\u0107: interkulturalne tendencije u djelima<\/strong><\/span><\/p>\n<p style=\"text-align: justify;\"><span style=\"color: #000000;\">Obzirom da su u bosanskohercegova\u010dkom, ali i ju\u017enoslavenskom kontekstu Andri\u0107eva djela interpretirana i na one na\u010dine koji vi\u0161e odgovaraju pozitivisti\u010dkim konceptima s po\u010detka 20. stolje\u0107a, namjera ove konferencije je sagledavanje novih ideja o dijalogu kultura\/tradicija u njegovima djelima. U tom smislu se name\u0107e i bavljenje etnonacionalisti\u010dkim projektima koji su sna\u017eno djelovali na recepciju Andri\u0107evih djela u posljednja dva destelje\u0107a. Tako\u0111er, nastoje se propitati i mogu\u0107nosti za napu\u0161tanje ovakvih praksi i uvo\u0111enja novih \u010ditanja\/interpretiranja Andri\u0107evih tekstova u akademske institucije.<\/span><\/p>\n<p style=\"text-align: justify;\"><span style=\"color: #000000;\"><strong>Mogu\u0107nosti interkulturalnog izu\u010davanja ju\u017enoslavenskih knji\u017eevnosti<\/strong><\/span><\/p>\n<p style=\"text-align: justify;\"><span style=\"color: #000000;\">Ovom temom nastoje se propitati neke od mogu\u0107nosti interkulturalnog izu\u010davanja knji\u017eevnosti koje nastaju raspadom jugoslavenske dr\u017eave. Koliko su danas daleko kulture i knji\u017eevnosti na ovim prostorima? Koliko su na udaljavanju knji\u017eevnosti i jezika doprinijele ideologije i insistiranje na produbljivanju razlika me\u0111u pojedinim jezicima i knji\u017eevnostima na ovim prostorima, a koliko je tome doprinijela neodgovornost akademskih institucija? Kakva su iskustva kolega koji predaju na slavisti\u010dkim katedrama izvan ju\u017enoslavenskih okvir?<\/span><\/p>\n","protected":false},"excerpt":{"rendered":"<p>Prva me\u0111unarodna znanstvena konferencija u oblasti knji\u017eevnosti i jezika Ivo Andri\u0107: interkulturalne tendencije u djelima Obzirom da su u bosanskohercegova\u010dkom, ali i ju\u017enoslavenskom kontekstu Andri\u0107eva djela interpretirana i na one na\u010dine koji vi\u0161e odgovaraju pozitivisti\u010dkim konceptima s po\u010detka 20. stolje\u0107a, namjera ove konferencije je sagledavanje novih ideja o dijalogu kultura\/tradicija u njegovima djelima. U tom [&hellip;]<\/p>\n","protected":false},"author":1,"featured_media":0,"comment_status":"open","ping_status":"open","sticky":false,"template":"","format":"standard","meta":{"ngg_post_thumbnail":0},"categories":[950],"tags":[],"_links":{"self":[{"href":"https:\/\/www.eft.ba\/web\/wp-json\/wp\/v2\/posts\/42041"}],"collection":[{"href":"https:\/\/www.eft.ba\/web\/wp-json\/wp\/v2\/posts"}],"about":[{"href":"https:\/\/www.eft.ba\/web\/wp-json\/wp\/v2\/types\/post"}],"author":[{"embeddable":true,"href":"https:\/\/www.eft.ba\/web\/wp-json\/wp\/v2\/users\/1"}],"replies":[{"embeddable":true,"href":"https:\/\/www.eft.ba\/web\/wp-json\/wp\/v2\/comments?post=42041"}],"version-history":[{"count":0,"href":"https:\/\/www.eft.ba\/web\/wp-json\/wp\/v2\/posts\/42041\/revisions"}],"wp:attachment":[{"href":"https:\/\/www.eft.ba\/web\/wp-json\/wp\/v2\/media?parent=42041"}],"wp:term":[{"taxonomy":"category","embeddable":true,"href":"https:\/\/www.eft.ba\/web\/wp-json\/wp\/v2\/categories?post=42041"},{"taxonomy":"post_tag","embeddable":true,"href":"https:\/\/www.eft.ba\/web\/wp-json\/wp\/v2\/tags?post=42041"}],"curies":[{"name":"wp","href":"https:\/\/api.w.org\/{rel}","templated":true}]}}