{"id":42040,"date":"2015-06-16T12:31:14","date_gmt":"2015-06-16T12:31:14","guid":{"rendered":"http:\/\/www.eft.ba\/web\/2015\/06\/16\/organizacioni-odbor-2\/"},"modified":"2015-06-16T12:31:14","modified_gmt":"2015-06-16T12:31:14","slug":"organizacioni-odbor-2","status":"publish","type":"post","link":"https:\/\/www.eft.ba\/web\/2015\/06\/16\/organizacioni-odbor-2\/","title":{"rendered":"Organizacioni odbor"},"content":{"rendered":"<p><span style=\"color: #000000;\"><strong>Edisa Gazeti\u0107<\/strong>,<em> predsjednica<\/em><\/span><br \/><span style=\"color: #000000;\">Edukacijski fakultet<\/span><br \/><span style=\"color: #000000;\">Univerzitet u Travniku<\/span><\/p>\n<p><span style=\"color: #000000;\"><strong>D\u017eenan Kos<\/strong>, <em>sekretar<\/em><\/span><br \/><span style=\"color: #000000;\">Edukacijski fakultet<\/span><br \/><span style=\"color: #000000;\">Univerzitet u Travniku<\/span><\/p>\n<p><span style=\"color: #000000;\"><strong>Joanna Rekas<\/strong>,<em> \u010dlan<\/em><\/span><br \/><span style=\"color: #000000;\">Adam Mickiewicz<\/span><br \/><span style=\"color: #000000;\">University in Pozna\u0144<\/span><\/p>\n<p><span style=\"color: #000000;\"><strong>Nihad Selimovi\u0107<\/strong>, <em>\u010dlan<\/em><\/span><br \/><span style=\"color: #000000;\">Edukacijski fakultet<\/span><br \/><span style=\"color: #000000;\">Univerzitet u Travniku<\/span><\/p>\n<p><span style=\"color: #000000;\"><strong>Enver Kazaz<\/strong>, <em>\u010dlan<\/em><\/span><br \/><span style=\"color: #000000;\">Filozofski fakultet<\/span><br \/><span style=\"color: #000000;\">Univerzitet u Sarajevu<\/span><\/p>\n<p><span style=\"color: #000000;\"><strong>Alma Skopljak<\/strong>, <em>\u010dlan<\/em><\/span><br \/><span style=\"color: #000000;\">Edukacijski fakultet<\/span><br \/><span style=\"color: #000000;\">Univerzitet u Travniku<\/span><\/p>\n<p><span style=\"color: #000000;\"><strong>Sanja Ledi\u0107<\/strong>, <em>\u010dlan<\/em><\/span><br \/><span style=\"color: #000000;\">Edukacijski fakultet<\/span><br \/><span style=\"color: #000000;\">Univerzitet u Travniku<\/span><\/p>\n","protected":false},"excerpt":{"rendered":"<p>Edisa Gazeti\u0107, predsjednicaEdukacijski fakultetUniverzitet u Travniku D\u017eenan Kos, sekretarEdukacijski fakultetUniverzitet u Travniku Joanna Rekas, \u010dlanAdam MickiewiczUniversity in Pozna\u0144 Nihad Selimovi\u0107, \u010dlanEdukacijski fakultetUniverzitet u Travniku Enver Kazaz, \u010dlanFilozofski fakultetUniverzitet u Sarajevu Alma Skopljak, \u010dlanEdukacijski fakultetUniverzitet u Travniku Sanja Ledi\u0107, \u010dlanEdukacijski fakultetUniverzitet u Travniku<\/p>\n","protected":false},"author":1,"featured_media":0,"comment_status":"open","ping_status":"open","sticky":false,"template":"","format":"standard","meta":{"ngg_post_thumbnail":0},"categories":[950],"tags":[],"_links":{"self":[{"href":"https:\/\/www.eft.ba\/web\/wp-json\/wp\/v2\/posts\/42040"}],"collection":[{"href":"https:\/\/www.eft.ba\/web\/wp-json\/wp\/v2\/posts"}],"about":[{"href":"https:\/\/www.eft.ba\/web\/wp-json\/wp\/v2\/types\/post"}],"author":[{"embeddable":true,"href":"https:\/\/www.eft.ba\/web\/wp-json\/wp\/v2\/users\/1"}],"replies":[{"embeddable":true,"href":"https:\/\/www.eft.ba\/web\/wp-json\/wp\/v2\/comments?post=42040"}],"version-history":[{"count":0,"href":"https:\/\/www.eft.ba\/web\/wp-json\/wp\/v2\/posts\/42040\/revisions"}],"wp:attachment":[{"href":"https:\/\/www.eft.ba\/web\/wp-json\/wp\/v2\/media?parent=42040"}],"wp:term":[{"taxonomy":"category","embeddable":true,"href":"https:\/\/www.eft.ba\/web\/wp-json\/wp\/v2\/categories?post=42040"},{"taxonomy":"post_tag","embeddable":true,"href":"https:\/\/www.eft.ba\/web\/wp-json\/wp\/v2\/tags?post=42040"}],"curies":[{"name":"wp","href":"https:\/\/api.w.org\/{rel}","templated":true}]}}