{"id":42039,"date":"2015-06-16T12:30:58","date_gmt":"2015-06-16T12:30:58","guid":{"rendered":"http:\/\/www.eft.ba\/web\/2015\/06\/16\/historijat-organizacije\/"},"modified":"2015-06-16T12:30:58","modified_gmt":"2015-06-16T12:30:58","slug":"historijat-organizacije","status":"publish","type":"post","link":"https:\/\/www.eft.ba\/web\/2015\/06\/16\/historijat-organizacije\/","title":{"rendered":"Historijat organizacije"},"content":{"rendered":"<hr \/>\n<p style=\"text-align: justify;\"><span style=\"color: #000000;\">Predavanje na temu \u201e50 godina od dodjele Nobelove nagrade Ivi Andri\u0107u\u201c odr\u017eano u novembru 2011. godine predstavlja prvu aktivnost Edukacijskog fakulteta u kontekstu kulturne manifestacije \u201eAndri\u0107evi dani\u201c i simboli\u010dki \u010din kojim se fakultet pridru\u017eio institucijama kulture na planu organizacije i obilje\u017eavanja ovog kulturnog doga\u0111aja.<\/span><\/p>\n<p style=\"text-align: justify;\"><span style=\"color: #000000;\">Predava\u010di su bili akademski profesori i mladi bosanskohercegova\u010dki nau\u010dnici iz podru\u010dja jezika i knji\u017eevnosti sa Filozofskog fakulteta Univerziteta u Sarajevu, Pedago\u0161ke akademije Univerziteta u Zenici i Edukacijskog fakulteta Univerziteta u Travniku.<\/span><\/p>\n<p style=\"text-align: justify;\"><span style=\"color: #000000;\">Predavanja su sadr\u017eavala teme vezane za jezi\u010dko-stilske osobenosti Andri\u0107evih djela, te knji\u017eevni rad i stvarala\u0161tvo sagledano iz perspektive savremenih \u010ditanja i interpretacija. Ponu\u0111eni koncept otvorenog predavanja imao je za cilj da uspostavi dijalog izme\u0111u predava\u010da i publike koju su \u010dinili studenti i profesori Univerziteta u Travniku te gra\u0111ani Travnika.<\/span><\/p>\n<p style=\"text-align: justify;\"><span style=\"color: #000000;\">Iz svega toga javila se ideja o organizaciji nau\u010dne konferencije o knji\u017eevnom djelu Ive Andri\u0107a u Travniku. Ne\u0161to kasnije, a na prijedlog katedre za jezik i knji\u017eevnost Edukacijskog fakulteta i uz podr\u0161ku predsjednika Upravnog odbora Univerziteta u Travniku i osniva\u010da Edukacijskog fakulteta \u2013 dr. Nihada Selimovi\u0107a, Nastavno-nau\u010dno vije\u0107e fakulteta dalo je punu saglasnost za organizaciju prve nau\u010dne konferencije u oblasti knji\u017eevnosti i jezika.<\/span><\/p>\n<p style=\"text-align: justify;\"><span style=\"color: #000000;\">Na koncu, u okviru programa kulturne manifestacije \u201eAndri\u0107evi dani 2012.\u201c Edukacijski fakultet Univerziteta u Travniku 8.\u201310. Novembra 2012. godine organizirao je Prvu me\u0111unarodnu znanstvenu konferenciju u oblasti knji\u017eevnosti i jezika.<\/span><\/p>\n<hr \/>\n<p style=\"text-align: justify;\">&nbsp;<\/p>\n","protected":false},"excerpt":{"rendered":"<p>Predavanje na temu \u201e50 godina od dodjele Nobelove nagrade Ivi Andri\u0107u\u201c odr\u017eano u novembru 2011. godine predstavlja prvu aktivnost Edukacijskog fakulteta u kontekstu kulturne manifestacije \u201eAndri\u0107evi dani\u201c i simboli\u010dki \u010din kojim se fakultet pridru\u017eio institucijama kulture na planu organizacije i obilje\u017eavanja ovog kulturnog doga\u0111aja. Predava\u010di su bili akademski profesori i mladi bosanskohercegova\u010dki nau\u010dnici iz podru\u010dja [&hellip;]<\/p>\n","protected":false},"author":1,"featured_media":0,"comment_status":"open","ping_status":"open","sticky":false,"template":"","format":"standard","meta":{"ngg_post_thumbnail":0},"categories":[949],"tags":[],"_links":{"self":[{"href":"https:\/\/www.eft.ba\/web\/wp-json\/wp\/v2\/posts\/42039"}],"collection":[{"href":"https:\/\/www.eft.ba\/web\/wp-json\/wp\/v2\/posts"}],"about":[{"href":"https:\/\/www.eft.ba\/web\/wp-json\/wp\/v2\/types\/post"}],"author":[{"embeddable":true,"href":"https:\/\/www.eft.ba\/web\/wp-json\/wp\/v2\/users\/1"}],"replies":[{"embeddable":true,"href":"https:\/\/www.eft.ba\/web\/wp-json\/wp\/v2\/comments?post=42039"}],"version-history":[{"count":0,"href":"https:\/\/www.eft.ba\/web\/wp-json\/wp\/v2\/posts\/42039\/revisions"}],"wp:attachment":[{"href":"https:\/\/www.eft.ba\/web\/wp-json\/wp\/v2\/media?parent=42039"}],"wp:term":[{"taxonomy":"category","embeddable":true,"href":"https:\/\/www.eft.ba\/web\/wp-json\/wp\/v2\/categories?post=42039"},{"taxonomy":"post_tag","embeddable":true,"href":"https:\/\/www.eft.ba\/web\/wp-json\/wp\/v2\/tags?post=42039"}],"curies":[{"name":"wp","href":"https:\/\/api.w.org\/{rel}","templated":true}]}}