{"id":42012,"date":"2015-05-14T11:07:41","date_gmt":"2015-05-14T11:07:41","guid":{"rendered":"http:\/\/www.eft.ba\/web\/2015\/05\/14\/tim-vanjskih-korisnika-201415\/"},"modified":"2015-05-14T11:07:41","modified_gmt":"2015-05-14T11:07:41","slug":"tim-vanjskih-korisnika-201415","status":"publish","type":"post","link":"https:\/\/www.eft.ba\/web\/2015\/05\/14\/tim-vanjskih-korisnika-201415\/","title":{"rendered":"Tim vanjskih korisnika Odbora za kvalitet Edukacijskog fakulteta 2014\/15"},"content":{"rendered":"<p style=\"margin: 10px 0px; padding: 0px; border: 0px; outline: 0px; font-size: 13px; color: rgb(101, 101, 101); font-family: Arial, Helvetica, sans-serif; line-height: 24.7000007629395px; background-image: initial; background-attachment: initial; background-size: initial; background-origin: initial; background-clip: initial; background-position: initial; background-repeat: initial;\"> \tTim vanjskih korisnika Edukacijskog fakulteta Univerziteta u travniku u akademskoj 2014\/15 \u010dine:<\/p>\n<p style=\"margin: 10px 0px; padding: 0px; border: 0px; outline: 0px; font-size: 13px; color: rgb(101, 101, 101); font-family: Arial, Helvetica, sans-serif; line-height: 24.7000007629395px; background-image: initial; background-attachment: initial; background-size: initial; background-origin: initial; background-clip: initial; background-position: initial; background-repeat: initial;\"> \t\u00a0<\/p>\n<p style=\"margin: 10px 0px; padding: 0px; border: 0px; outline: 0px; font-size: 13px; color: rgb(101, 101, 101); font-family: Arial, Helvetica, sans-serif; line-height: 24.7000007629395px; background-image: initial; background-attachment: initial; background-size: initial; background-origin: initial; background-clip: initial; background-position: initial; background-repeat: initial;\"> \t<span style=\"margin: 0px; padding: 0px; border: 0px; outline: 0px; line-height: 1.9; background: transparent;\">Edin d<\/span><span style=\"margin: 0px; padding: 0px; border: 0px; outline: 0px; line-height: 30.3999996185303px; background: transparent;\">r.<\/span><span style=\"margin: 0px; padding: 0px; border: 0px; outline: 0px; line-height: 1.9; background: transparent;\">\u00a0Buljugi\u0107 &#8211; predstavnik vanjskih korisnika iz oblasti sporta<\/span><\/p>\n<p style=\"margin: 10px 0px; padding: 0px; border: 0px; outline: 0px; font-size: 13px; color: rgb(101, 101, 101); font-family: Arial, Helvetica, sans-serif; line-height: 24.7000007629395px; background-image: initial; background-attachment: initial; background-size: initial; background-origin: initial; background-clip: initial; background-position: initial; background-repeat: initial;\"> \t<span style=\"margin: 0px; padding: 0px; border: 0px; outline: 0px; line-height: 1.9; background: transparent;\">Senad Merd\u017ei\u0107, prof. \u2013 predstavnik vanjskih korisnika iz oblasti obrazovanja<\/span><\/p>\n<p style=\"margin: 10px 0px; padding: 0px; border: 0px; outline: 0px; font-size: 13px; color: rgb(101, 101, 101); font-family: Arial, Helvetica, sans-serif; line-height: 24.7000007629395px; background-image: initial; background-attachment: initial; background-size: initial; background-origin: initial; background-clip: initial; background-position: initial; background-repeat: initial;\"> \t<span style=\"margin: 0px; padding: 0px; border: 0px; outline: 0px; line-height: 1.9; background: transparent;\">Vehid Spahi\u0107, major \u2013 predstavnik vanjskih korisnika iz oblasti specijalnih namjena (vojska, policija, za\u0161titarske agencije)<\/span><\/p>\n","protected":false},"excerpt":{"rendered":"<p>Tim vanjskih korisnika Edukacijskog fakulteta Univerziteta u travniku u akademskoj 2014\/15 \u010dine: \u00a0 Edin dr.\u00a0Buljugi\u0107 &#8211; predstavnik vanjskih korisnika iz oblasti sporta Senad Merd\u017ei\u0107, prof. \u2013 predstavnik vanjskih korisnika iz oblasti obrazovanja Vehid Spahi\u0107, major \u2013 predstavnik vanjskih korisnika iz oblasti specijalnih namjena (vojska, policija, za\u0161titarske agencije)<\/p>\n","protected":false},"author":1,"featured_media":0,"comment_status":"open","ping_status":"open","sticky":false,"template":"","format":"standard","meta":{"ngg_post_thumbnail":0},"categories":[944],"tags":[],"_links":{"self":[{"href":"https:\/\/www.eft.ba\/web\/wp-json\/wp\/v2\/posts\/42012"}],"collection":[{"href":"https:\/\/www.eft.ba\/web\/wp-json\/wp\/v2\/posts"}],"about":[{"href":"https:\/\/www.eft.ba\/web\/wp-json\/wp\/v2\/types\/post"}],"author":[{"embeddable":true,"href":"https:\/\/www.eft.ba\/web\/wp-json\/wp\/v2\/users\/1"}],"replies":[{"embeddable":true,"href":"https:\/\/www.eft.ba\/web\/wp-json\/wp\/v2\/comments?post=42012"}],"version-history":[{"count":0,"href":"https:\/\/www.eft.ba\/web\/wp-json\/wp\/v2\/posts\/42012\/revisions"}],"wp:attachment":[{"href":"https:\/\/www.eft.ba\/web\/wp-json\/wp\/v2\/media?parent=42012"}],"wp:term":[{"taxonomy":"category","embeddable":true,"href":"https:\/\/www.eft.ba\/web\/wp-json\/wp\/v2\/categories?post=42012"},{"taxonomy":"post_tag","embeddable":true,"href":"https:\/\/www.eft.ba\/web\/wp-json\/wp\/v2\/tags?post=42012"}],"curies":[{"name":"wp","href":"https:\/\/api.w.org\/{rel}","templated":true}]}}