{"id":41680,"date":"2010-11-23T18:21:16","date_gmt":"2010-11-23T18:21:16","guid":{"rendered":"http:\/\/www.eft.ba\/web\/2010\/11\/23\/drugi-o-nama\/"},"modified":"2010-11-23T18:21:16","modified_gmt":"2010-11-23T18:21:16","slug":"drugi-o-nama","status":"publish","type":"post","link":"https:\/\/www.eft.ba\/web\/2010\/11\/23\/drugi-o-nama\/","title":{"rendered":"Fakultet u medijima"},"content":{"rendered":"<div class=\"slika_prica_2\">\n<p> \t\tSve\u010dani prijem za vrhunske sportiste<\/p>\n<p> \t\t<a href=\"http:\/\/www.eft.ba\/images\/drugionama\/student110.pdf\"><strong>\u010clanak 1. <\/strong><\/a>&#8211; Informativni \u010dasopis STUDENT<\/p>\n<hr \/>\n<p> \t\tPromocija prvog broja \u010dasopisa Grafx<\/p>\n<p> \t\t<strong><a href=\"http:\/\/www.hronika.ba\/magazin\/marketing-a-pr\/item\/9185-promoviran-prvi-broj-%C4%8Dasopisa-grafx.html\">\u010clanak 1.<\/a><\/strong> &#8211; Hronika.ba<\/p>\n<hr \/>\n<p> \t\tV me\u0111unarodni seminar &#8211; &#8220;Uloga sporta u o\u010duvanju zdravlja&#8221;<\/p>\n<p> \t\t<a href=\"http:\/\/radiovitez.ba\/vijesti\/sport\/3414-odran-5-meunarodni-seminar-quloga-sporta-u-ouvanju-zdravljaq.html\"><strong>\u010clanak 1.<\/strong><\/a> &#8211; Radio Vitez<\/p>\n<p> \t\t<a href=\"http:\/\/www.hronika.ba\/edukacija\/item\/8529-uloga-sporta-u-o%C4%8Duvanju-zdravlja.html\"><strong>\u010clanak 2.<\/strong><\/a> &#8211; Hronika.ba<\/p>\n<hr \/>\n<p> \t\tOdr\u017eana Prva znanstvena konferencija iz oblasti knji\u017eevnosti i jezika<\/p>\n<p> \t\t<a href=\"http:\/\/www.federalna.ba\/bhs\/vijest\/48946\/travnik\"><strong>\u010clanak 1. <\/strong><\/a>&#8211; Federalna televizja &#8211; FTV<\/p>\n<p> \t\t<strong><a href=\"http:\/\/www.federalna.ba\/bhs\/vijest\/48887\/u-travniku-prva-naucna-konferencija-s-ciljem-popularizacije-andricevog-knjizevnog-djela\">Video reporta\u017ea <\/a><\/strong>&#8211; Federalna televizja &#8211; FTV<\/p>\n<hr \/>\n<p> \t\tPrva znanstvena konferencija iz oblasti knji\u017eevnosti i jezika<\/p>\n<p> \t\t<strong><a href=\"http:\/\/kft.ba\/joomla30\/images\/stories\/andric.jpg\">\u010clanak 1.<\/a><\/strong> &#8211; Infromativni \u010dasopis STUDENT<\/p>\n<hr \/>\n<p> \t\tEdukacijski fakultet Univerziteta u Travniku i Sportski savez SBK u zajedni\u010dkom projektu &#8220;Edukacija \u017eena za menad\u017eere i instruktore&#8221;<\/p>\n<p> \t\t<strong><a href=\"http:\/\/kft.ba\/joomla30\/images\/drugionama\/eftunt.pdf\">\u010clanak 1.<\/a><\/strong> &#8211; Informativni \u010dasopis STUDENT<\/p>\n<hr \/>\n<p> \t\tPobijedi u znanju i osvoji stipendiju &#8211; Javni natje\u010daj za punu \u010detverogodi\u0161nju stipendiju na Edukacijskom fakultetu Univerziteta u Travniku<\/p>\n<p> \t\t<strong><a href=\"http:\/\/kft.ba\/joomla30\/images\/drugionama\/103s.pdf\">\u010clanak 1.<\/a><\/strong> &#8211; Informativni \u010dasopis STUDENT<\/p>\n<hr \/>\n<p> \t\tNa Edukacijskom fakultetu Univerziteta u Travniku magistrirao Dragutin \u0160urbek<\/p>\n<p> \t\t<strong><a href=\"http:\/\/kft.ba\/joomla30\/images\/stories\/surbek.jpg\" target=\"_blank\">\u010clanak 1.<\/a><\/strong> &#8211; Informativni \u010dasopis STUDENT<\/p>\n<hr \/>\n<p> \t\tEdukacijski fakultet i Fakultet za Tehni\u010dke studije Univerziteta u Travniku, uspje\u0161no organizirali projekt &#8220;Travnik u bojama mladosti&#8221;<\/p>\n<p> \t\t<strong><a href=\"http:\/\/www.eft.ba\/images\/eftfts.pdf\">\u010clanak 1<\/a><\/strong>. &#8211; Informativni \u010dasopis STUDENT<\/p>\n<hr \/>\n<p> \t\tEdukacijski fakultet Univerziteta u Travniku u novoj akademskoj godini bogatiji za novi smjer<\/p>\n<p> \t\t<a href=\"http:\/\/kft.ba\/joomla30\/images\/drugionama\/eftsmjer.pdf\"><u><strong>\u010clanak 1.<\/strong><\/u><\/a> &#8211; Informativni \u010dasopis STUDENT<\/p>\n<hr \/>\n<p> \t\tUniverzitet u Travniku u novoj akademskoj godini bogatiji za nove smjerove na svim fakultetima<\/p>\n<p> \t\t<u><strong><a href=\"http:\/\/kft.ba\/joomla30\/images\/drugionama\/smjerovi.pdf\">\u010clanak 1.<\/a><\/strong><\/u> &#8211; Informativni \u010dasopis STUDENT<\/p>\n<hr \/>\n<p> \t\tNa Edukacijskom fakultetu i Fakultetu za tehni\u010dke studije Univerziteta u Travniku odr\u017eana uvodna predavanja za bruco\u0161e<\/p>\n<p> \t\t<strong><a href=\"http:\/\/kft.ba\/joomla30\/images\/drugionama\/brucos.pdf\">\u010clanak 1.<\/a><\/strong> &#8211; Informativni \u010dasopis STUDENT<\/p>\n<hr \/>\n<p> \t\tStudenti Edukacijskog fakulteta Univerziteta uTravniku na prakti\u010dnoj nastavi u Zaostrogu i na Bora\u010dkom jezeru<\/p>\n<p> \t\t<strong><a href=\"http:\/\/kft.ba\/joomla30\/images\/drugionama\/boracko.pdf\">\u010clanak 1.<\/a><\/strong> &#8211; Informativni \u010dasopis STUDENT<\/p>\n<hr \/>\n<p> \t\tPotencijal nastavnika i saradnika Edukacijskog fakulteta Univerziteta u Travniku dobio svoju evropsku dimenziju<\/p>\n<p> \t\t<strong><a href=\"http:\/\/kft.ba\/joomla30\/images\/drugionama\/grac.pdf\">\u010clanak 1<\/a><\/strong>. &#8211; Informativni \u010dasopis STUDENT<\/p>\n<hr \/>\n<p> \t\tProstorije Edukacijskog fakulteta u Travniku pro\u0161irene za dodatnih 800 m2\u00a0<\/p>\n<p> \t\t<strong><a href=\"http:\/\/kft.ba\/joomla30\/images\/drugionama\/avgust.pdf\">\u010clanak 1.<\/a><\/strong> &#8211; Informativni \u010dasopis STUDENT<\/p>\n<hr \/><\/div>\n<div class=\"slika_prica_2\"> \t<span class=\"sIFR-alternate\">Larisa Ceri\u0107 dobila stipendiju na\u0161eg fakulteta. Ova pri\u010da je objavljena na slijede\u0107im uglednim portalima:<\/span><\/div>\n<div class=\"slika_prica_2\"> \t<a href=\"images\/drugionama\/larisasport.jpg\" target=\"_blank\"><span class=\"sIFR-alternate\"> <\/span><strong>\u010clanak 1.<\/strong><\/a> -www.sportsport.ba<\/div>\n<p> \t<a href=\"images\/drugionama\/larisahronika.jpg\" target=\"_blank\"><strong>\u010clanak 2.<\/strong><\/a> &#8211; <em>www.hronika.ba<\/em><\/p>\n<hr \/>\n<p> \tNa Edukacijskom fakultetu u Tranviku odr\u017eana je promocija knjige \u201cNova imena Bo\u0161njaka u BiH\u201d doc.dr. Sulejmana Lisi\u010di\u0107a, doga\u0111aj je propra\u0107en na portalu:<\/p>\n<p> \t<strong><a href=\"images\/drugionama\/hrnoikapromocija.jpg\" target=\"_blank\">Promocija knjige<\/a> &#8211; <\/strong>www.hronika.ba<\/p>\n<p> \t<strong><a href=\"images\/drugionama\/dnevnipromocija.jpg\" target=\"_blank\">Promocija knjige<\/a><\/strong> &#8211; www.dnevniavaz.ba<\/p>\n<hr \/>\n<p> \tNa Univerzitetu u Travniku, u prostorijama na\u0161eg fakluteta odr\u017eano je &#8220;Savjetovanje o reformi visokog obrazovanja&#8221;. Slede\u0107i mediji su propratili ovaj dogadjaj:<\/p>\n<p> \t<strong><a href=\"images\/drugionama\/dnevniavaz.jpg\" target=\"_blank\">\u010clanak 1. &#8211; Dnevni Avaz<\/a><\/strong><strong> <\/strong><\/p>\n<p> \t<strong><a href=\"images\/drugionama\/hronikabolonja.jpg\" target=\"_blank\">\u010clanak 2. &#8211; Hronika.ba<\/a><\/strong><\/p>\n<p> \t<strong><a href=\"images\/drugionama\/vecernji.jpg\" target=\"_blank\">\u010clanak 3. -Ve\u010dernji list<\/a><\/strong><\/p>\n","protected":false},"excerpt":{"rendered":"<p>Sve\u010dani prijem za vrhunske sportiste \u010clanak 1. &#8211; Informativni \u010dasopis STUDENT Promocija prvog broja \u010dasopisa Grafx \u010clanak 1. &#8211; Hronika.ba V me\u0111unarodni seminar &#8211; &#8220;Uloga sporta u o\u010duvanju zdravlja&#8221; \u010clanak 1. &#8211; Radio Vitez \u010clanak 2. &#8211; Hronika.ba Odr\u017eana Prva znanstvena konferencija iz oblasti knji\u017eevnosti i jezika \u010clanak 1. &#8211; Federalna televizja &#8211; FTV Video [&hellip;]<\/p>\n","protected":false},"author":1,"featured_media":0,"comment_status":"open","ping_status":"open","sticky":false,"template":"","format":"standard","meta":{"ngg_post_thumbnail":0},"categories":[903],"tags":[],"_links":{"self":[{"href":"https:\/\/www.eft.ba\/web\/wp-json\/wp\/v2\/posts\/41680"}],"collection":[{"href":"https:\/\/www.eft.ba\/web\/wp-json\/wp\/v2\/posts"}],"about":[{"href":"https:\/\/www.eft.ba\/web\/wp-json\/wp\/v2\/types\/post"}],"author":[{"embeddable":true,"href":"https:\/\/www.eft.ba\/web\/wp-json\/wp\/v2\/users\/1"}],"replies":[{"embeddable":true,"href":"https:\/\/www.eft.ba\/web\/wp-json\/wp\/v2\/comments?post=41680"}],"version-history":[{"count":0,"href":"https:\/\/www.eft.ba\/web\/wp-json\/wp\/v2\/posts\/41680\/revisions"}],"wp:attachment":[{"href":"https:\/\/www.eft.ba\/web\/wp-json\/wp\/v2\/media?parent=41680"}],"wp:term":[{"taxonomy":"category","embeddable":true,"href":"https:\/\/www.eft.ba\/web\/wp-json\/wp\/v2\/categories?post=41680"},{"taxonomy":"post_tag","embeddable":true,"href":"https:\/\/www.eft.ba\/web\/wp-json\/wp\/v2\/tags?post=41680"}],"curies":[{"name":"wp","href":"https:\/\/api.w.org\/{rel}","templated":true}]}}